{"id":61440,"date":"2019-10-07T19:18:24","date_gmt":"2019-10-07T22:18:24","guid":{"rendered":"https:\/\/eldiariodesanpedro.com.ar\/sitio\/?p=61440"},"modified":"2019-10-07T20:53:09","modified_gmt":"2019-10-07T23:53:09","slug":"un-sampedrino-mechero-en-ramallo","status":"publish","type":"post","link":"https:\/\/eldiariodesanpedro.com.ar\/sitio\/un-sampedrino-mechero-en-ramallo\/","title":{"rendered":"Un sampedrino mechero en Ramallo"},"content":{"rendered":"<!-- VideographyWP Plugin Message: Automatic video embedding prevented by plugin options. -->\n\n<p>Im\u00e1genes exclusivas del mechero quien rob\u00f3 20 mil pesos en mercader\u00eda de Muccop y se fug\u00f3 en una camioneta Amarok junto a un adolescente.<\/p>\n\n\n\n<p>El hecho sucedi\u00f3 el viernes por la tarde, alrededor de las 18 hs. en la sede del supermercado Mucoop (Av. San Mart\u00edn 544 Villa Ramallo). Un hombre de aproximadamente unos 46 a\u00f1os junto a la complicidad de su hijo de 16 a\u00f1os, bajo el modus operan-di \u00abmechero\u00bb, sustrajeron un changuito repleto de mercader\u00edas y bebidas sin pagar.<\/p>\n\n\n\n<p>Quienes r\u00e1pidamente se dieron a la fuga en una camioneta Amarok -color blanca- seg\u00fan estimaciones del comercio habr\u00edan hurtado mercader\u00edas (carnes y bebidas varias) por un monto de $20.000.-<\/p>\n\n\n\n<p>En la imagen captada por las c\u00e1maras de seguridad de Mucoop se puede observar al adulto en el sector de cajas, mientras en otras se observa al menor que sale del comercio con el changuito repleto de mercader\u00edas, bajando la rampa hacia la playa de estacionamiento.<\/p>\n\n\n\n<p>Seg\u00fan la investigaci\u00f3n esta persona es oriunda de San Pedro y no es la primera vez que compra en el local. Se tratar\u00eda del alguien que habr\u00eda hurtado bajo la misma modalidad en otros comercios, tal es el caso de \u00abCaprichos\u00bb y \u00abLas Macetas.\u00bb<\/p>\n\n\n\n<p>Si bien no fue confirmada, pudo trascender que la polic\u00eda estar\u00eda investigando el paradero de alguien que reside en San Pedro y con v\u00ednculos afectivos en Villa Ramallo.<\/p>\n\n\n\n<ul class=\"wp-block-gallery columns-3 is-cropped wp-block-gallery-1 is-layout-flex wp-block-gallery-is-layout-flex\"><li class=\"blocks-gallery-item\"><figure><img decoding=\"async\" width=\"540\" height=\"960\" data-attachment-id=\"61441\" data-permalink=\"https:\/\/eldiariodesanpedro.com.ar\/sitio\/un-sampedrino-mechero-en-ramallo\/71785358_2617736434957496_5104017582696955904_n\/\" data-orig-file=\"https:\/\/eldiariodesanpedro.com.ar\/sitio\/wp-content\/uploads\/2019\/10\/71785358_2617736434957496_5104017582696955904_n.jpg\" data-orig-size=\"540,960\" data-comments-opened=\"1\" data-image-meta=\"{&quot;aperture&quot;:&quot;0&quot;,&quot;credit&quot;:&quot;&quot;,&quot;camera&quot;:&quot;&quot;,&quot;caption&quot;:&quot;&quot;,&quot;created_timestamp&quot;:&quot;0&quot;,&quot;copyright&quot;:&quot;&quot;,&quot;focal_length&quot;:&quot;0&quot;,&quot;iso&quot;:&quot;0&quot;,&quot;shutter_speed&quot;:&quot;0&quot;,&quot;title&quot;:&quot;&quot;,&quot;orientation&quot;:&quot;0&quot;}\" data-image-title=\"71785358_2617736434957496_5104017582696955904_n\" data-image-description=\"\" data-image-caption=\"\" data-large-file=\"https:\/\/eldiariodesanpedro.com.ar\/sitio\/wp-content\/uploads\/2019\/10\/71785358_2617736434957496_5104017582696955904_n.jpg\" data-src=\"https:\/\/eldiariodesanpedro.com.ar\/sitio\/wp-content\/uploads\/2019\/10\/71785358_2617736434957496_5104017582696955904_n.jpg\" alt=\"\" data-id=\"61441\" data-link=\"https:\/\/eldiariodesanpedro.com.ar\/sitio\/?attachment_id=61441\" class=\"wp-image-61441 lazyload\" data-srcset=\"https:\/\/eldiariodesanpedro.com.ar\/sitio\/wp-content\/uploads\/2019\/10\/71785358_2617736434957496_5104017582696955904_n.jpg 540w, https:\/\/eldiariodesanpedro.com.ar\/sitio\/wp-content\/uploads\/2019\/10\/71785358_2617736434957496_5104017582696955904_n-169x300.jpg 169w\" data-sizes=\"(max-width: 540px) 100vw, 540px\" src=\"data:image\/svg+xml;base64,PHN2ZyB3aWR0aD0iMSIgaGVpZ2h0PSIxIiB4bWxucz0iaHR0cDovL3d3dy53My5vcmcvMjAwMC9zdmciPjwvc3ZnPg==\" style=\"--smush-placeholder-width: 540px; --smush-placeholder-aspect-ratio: 540\/960;\" \/><\/figure><\/li><li class=\"blocks-gallery-item\"><figure><img decoding=\"async\" width=\"540\" height=\"960\" data-attachment-id=\"61442\" data-permalink=\"https:\/\/eldiariodesanpedro.com.ar\/sitio\/un-sampedrino-mechero-en-ramallo\/71931057_2617736061624200_775733495237443584_n\/\" data-orig-file=\"https:\/\/eldiariodesanpedro.com.ar\/sitio\/wp-content\/uploads\/2019\/10\/71931057_2617736061624200_775733495237443584_n.jpg\" data-orig-size=\"540,960\" data-comments-opened=\"1\" data-image-meta=\"{&quot;aperture&quot;:&quot;0&quot;,&quot;credit&quot;:&quot;&quot;,&quot;camera&quot;:&quot;&quot;,&quot;caption&quot;:&quot;&quot;,&quot;created_timestamp&quot;:&quot;0&quot;,&quot;copyright&quot;:&quot;&quot;,&quot;focal_length&quot;:&quot;0&quot;,&quot;iso&quot;:&quot;0&quot;,&quot;shutter_speed&quot;:&quot;0&quot;,&quot;title&quot;:&quot;&quot;,&quot;orientation&quot;:&quot;0&quot;}\" data-image-title=\"71931057_2617736061624200_775733495237443584_n\" data-image-description=\"\" data-image-caption=\"\" data-large-file=\"https:\/\/eldiariodesanpedro.com.ar\/sitio\/wp-content\/uploads\/2019\/10\/71931057_2617736061624200_775733495237443584_n.jpg\" data-src=\"https:\/\/eldiariodesanpedro.com.ar\/sitio\/wp-content\/uploads\/2019\/10\/71931057_2617736061624200_775733495237443584_n.jpg\" alt=\"\" data-id=\"61442\" data-link=\"https:\/\/eldiariodesanpedro.com.ar\/sitio\/?attachment_id=61442\" class=\"wp-image-61442 lazyload\" data-srcset=\"https:\/\/eldiariodesanpedro.com.ar\/sitio\/wp-content\/uploads\/2019\/10\/71931057_2617736061624200_775733495237443584_n.jpg 540w, https:\/\/eldiariodesanpedro.com.ar\/sitio\/wp-content\/uploads\/2019\/10\/71931057_2617736061624200_775733495237443584_n-169x300.jpg 169w\" data-sizes=\"(max-width: 540px) 100vw, 540px\" src=\"data:image\/svg+xml;base64,PHN2ZyB3aWR0aD0iMSIgaGVpZ2h0PSIxIiB4bWxucz0iaHR0cDovL3d3dy53My5vcmcvMjAwMC9zdmciPjwvc3ZnPg==\" style=\"--smush-placeholder-width: 540px; --smush-placeholder-aspect-ratio: 540\/960;\" \/><\/figure><\/li><li class=\"blocks-gallery-item\"><figure><img decoding=\"async\" width=\"540\" height=\"960\" data-attachment-id=\"61443\" data-permalink=\"https:\/\/eldiariodesanpedro.com.ar\/sitio\/un-sampedrino-mechero-en-ramallo\/72386854_2617735631624243_2288780817838637056_n\/\" data-orig-file=\"https:\/\/eldiariodesanpedro.com.ar\/sitio\/wp-content\/uploads\/2019\/10\/72386854_2617735631624243_2288780817838637056_n.jpg\" data-orig-size=\"540,960\" data-comments-opened=\"1\" data-image-meta=\"{&quot;aperture&quot;:&quot;0&quot;,&quot;credit&quot;:&quot;&quot;,&quot;camera&quot;:&quot;&quot;,&quot;caption&quot;:&quot;&quot;,&quot;created_timestamp&quot;:&quot;0&quot;,&quot;copyright&quot;:&quot;&quot;,&quot;focal_length&quot;:&quot;0&quot;,&quot;iso&quot;:&quot;0&quot;,&quot;shutter_speed&quot;:&quot;0&quot;,&quot;title&quot;:&quot;&quot;,&quot;orientation&quot;:&quot;0&quot;}\" data-image-title=\"72386854_2617735631624243_2288780817838637056_n\" data-image-description=\"\" data-image-caption=\"\" data-large-file=\"https:\/\/eldiariodesanpedro.com.ar\/sitio\/wp-content\/uploads\/2019\/10\/72386854_2617735631624243_2288780817838637056_n.jpg\" data-src=\"https:\/\/eldiariodesanpedro.com.ar\/sitio\/wp-content\/uploads\/2019\/10\/72386854_2617735631624243_2288780817838637056_n.jpg\" alt=\"\" data-id=\"61443\" data-link=\"https:\/\/eldiariodesanpedro.com.ar\/sitio\/?attachment_id=61443\" class=\"wp-image-61443 lazyload\" data-srcset=\"https:\/\/eldiariodesanpedro.com.ar\/sitio\/wp-content\/uploads\/2019\/10\/72386854_2617735631624243_2288780817838637056_n.jpg 540w, https:\/\/eldiariodesanpedro.com.ar\/sitio\/wp-content\/uploads\/2019\/10\/72386854_2617735631624243_2288780817838637056_n-169x300.jpg 169w\" data-sizes=\"(max-width: 540px) 100vw, 540px\" src=\"data:image\/svg+xml;base64,PHN2ZyB3aWR0aD0iMSIgaGVpZ2h0PSIxIiB4bWxucz0iaHR0cDovL3d3dy53My5vcmcvMjAwMC9zdmciPjwvc3ZnPg==\" style=\"--smush-placeholder-width: 540px; --smush-placeholder-aspect-ratio: 540\/960;\" \/><\/figure><\/li><\/ul>\n\n\n\n<p>Fuente Ramallo City FM 95.5<\/p>\n","protected":false},"excerpt":{"rendered":"<p>Im\u00e1genes exclusivas del mechero quien rob\u00f3 20 mil pesos en mercader\u00eda de Muccop y se fug\u00f3 en una camioneta Amarok junto a un adolescente. El hecho sucedi\u00f3 el viernes por la tarde, alrededor de las 18 hs. en la sede del supermercado Mucoop (Av. San Mart\u00edn 544 Villa Ramallo). Un hombre de aproximadamente unos 46 [&hellip;]<\/p>\n","protected":false},"author":4,"featured_media":61444,"comment_status":"open","ping_status":"closed","sticky":false,"template":"","format":"standard","meta":{"om_disable_all_campaigns":false,"_jetpack_memberships_contains_paid_content":false,"footnotes":""},"categories":[2,103],"tags":[],"class_list":["post-61440","post","type-post","status-publish","format-standard","has-post-thumbnail","hentry","category-locales","category-policiales-locales"],"aioseo_notices":[],"gutentor_comment":0,"jetpack_featured_media_url":"https:\/\/eldiariodesanpedro.com.ar\/sitio\/wp-content\/uploads\/2019\/10\/71785358_2617736434957496_5104017582696955904_n-1.jpg","jetpack_shortlink":"https:\/\/wp.me\/p6RhLt-fYY","jetpack_sharing_enabled":true,"_links":{"self":[{"href":"https:\/\/eldiariodesanpedro.com.ar\/sitio\/wp-json\/wp\/v2\/posts\/61440","targetHints":{"allow":["GET"]}}],"collection":[{"href":"https:\/\/eldiariodesanpedro.com.ar\/sitio\/wp-json\/wp\/v2\/posts"}],"about":[{"href":"https:\/\/eldiariodesanpedro.com.ar\/sitio\/wp-json\/wp\/v2\/types\/post"}],"author":[{"embeddable":true,"href":"https:\/\/eldiariodesanpedro.com.ar\/sitio\/wp-json\/wp\/v2\/users\/4"}],"replies":[{"embeddable":true,"href":"https:\/\/eldiariodesanpedro.com.ar\/sitio\/wp-json\/wp\/v2\/comments?post=61440"}],"version-history":[{"count":2,"href":"https:\/\/eldiariodesanpedro.com.ar\/sitio\/wp-json\/wp\/v2\/posts\/61440\/revisions"}],"predecessor-version":[{"id":61446,"href":"https:\/\/eldiariodesanpedro.com.ar\/sitio\/wp-json\/wp\/v2\/posts\/61440\/revisions\/61446"}],"wp:featuredmedia":[{"embeddable":true,"href":"https:\/\/eldiariodesanpedro.com.ar\/sitio\/wp-json\/wp\/v2\/media\/61444"}],"wp:attachment":[{"href":"https:\/\/eldiariodesanpedro.com.ar\/sitio\/wp-json\/wp\/v2\/media?parent=61440"}],"wp:term":[{"taxonomy":"category","embeddable":true,"href":"https:\/\/eldiariodesanpedro.com.ar\/sitio\/wp-json\/wp\/v2\/categories?post=61440"},{"taxonomy":"post_tag","embeddable":true,"href":"https:\/\/eldiariodesanpedro.com.ar\/sitio\/wp-json\/wp\/v2\/tags?post=61440"}],"curies":[{"name":"wp","href":"https:\/\/api.w.org\/{rel}","templated":true}]}}