{"id":61435,"date":"2019-10-07T18:58:34","date_gmt":"2019-10-07T21:58:34","guid":{"rendered":"https:\/\/eldiariodesanpedro.com.ar\/sitio\/?p=61435"},"modified":"2019-10-07T18:58:39","modified_gmt":"2019-10-07T21:58:39","slug":"el-intendente-recibio-a-los-jovenes-representantes-del-parlamento-juvenil-del-mercosur","status":"publish","type":"post","link":"https:\/\/eldiariodesanpedro.com.ar\/sitio\/el-intendente-recibio-a-los-jovenes-representantes-del-parlamento-juvenil-del-mercosur\/","title":{"rendered":"El Intendente recibi\u00f3 a los j\u00f3venes representantes del Parlamento Juvenil del Mercosur"},"content":{"rendered":"<!-- VideographyWP Plugin Message: Automatic video embedding prevented by plugin options. -->\n\n<p> El Intendente Municipal Cecilio Salazar recibi\u00f3 en su despacho, a la delegaci\u00f3n que va a representar a nuestra ciudad en la Etapa Provincial del Parlamento Juvenil del Mercosur, que se llevar\u00e1 a cabo el pr\u00f3ximo 9 de octubre en La Plata y donde se debaten diferentes ejes tem\u00e1ticos: Inclusi\u00f3n educativa, G\u00e9nero, J\u00f3venes y trabajo, Participaci\u00f3n ciudadana de los j\u00f3venes, Derechos humanos e Integraci\u00f3n regional.<\/p>\n\n\n\n<p>El Jefe Comunal se refiri\u00f3 a la conectividad que hay que tener con los j\u00f3venes, ya que ellos son el presente y futuro de la sociedad.<\/p>\n\n\n\n<p>Los j\u00f3venes estuvieron acompa\u00f1ados por los directivos de sus respectivos establecimientos educativos, adem\u00e1s de la Inspectora Jefa Distrital de Educaci\u00f3n Prof. Mercedes Vell\u00f3n, el Coordinador Regional de Pol\u00edticas Socioeducativas Prof. Alan Ocampo, y Natalia Claverini, referente local de Pol\u00edticas Socioeducativas. <\/p>\n\n\n\n<ul class=\"wp-block-gallery columns-3 is-cropped wp-block-gallery-1 is-layout-flex wp-block-gallery-is-layout-flex\"><li class=\"blocks-gallery-item\"><figure><img decoding=\"async\" width=\"5760\" height=\"3604\" data-attachment-id=\"61436\" data-permalink=\"https:\/\/eldiariodesanpedro.com.ar\/sitio\/el-intendente-recibio-a-los-jovenes-representantes-del-parlamento-juvenil-del-mercosur\/1-134\/\" data-orig-file=\"https:\/\/eldiariodesanpedro.com.ar\/sitio\/wp-content\/uploads\/2019\/10\/1.jpg\" data-orig-size=\"5760,3604\" data-comments-opened=\"1\" data-image-meta=\"{&quot;aperture&quot;:&quot;4&quot;,&quot;credit&quot;:&quot;&quot;,&quot;camera&quot;:&quot;Canon EOS 5D Mark III&quot;,&quot;caption&quot;:&quot;&quot;,&quot;created_timestamp&quot;:&quot;1578132294&quot;,&quot;copyright&quot;:&quot;&quot;,&quot;focal_length&quot;:&quot;24&quot;,&quot;iso&quot;:&quot;1600&quot;,&quot;shutter_speed&quot;:&quot;0.016666666666667&quot;,&quot;title&quot;:&quot;&quot;,&quot;orientation&quot;:&quot;0&quot;}\" data-image-title=\"1\" data-image-description=\"\" data-image-caption=\"\" data-large-file=\"https:\/\/eldiariodesanpedro.com.ar\/sitio\/wp-content\/uploads\/2019\/10\/1-1024x641.jpg\" data-src=\"https:\/\/eldiariodesanpedro.com.ar\/sitio\/wp-content\/uploads\/2019\/10\/1-1024x641.jpg\" alt=\"\" data-id=\"61436\" data-link=\"https:\/\/eldiariodesanpedro.com.ar\/sitio\/?attachment_id=61436\" class=\"wp-image-61436 lazyload\" data-srcset=\"https:\/\/eldiariodesanpedro.com.ar\/sitio\/wp-content\/uploads\/2019\/10\/1-1024x641.jpg 1024w, https:\/\/eldiariodesanpedro.com.ar\/sitio\/wp-content\/uploads\/2019\/10\/1-300x188.jpg 300w, https:\/\/eldiariodesanpedro.com.ar\/sitio\/wp-content\/uploads\/2019\/10\/1-768x481.jpg 768w\" data-sizes=\"(max-width: 5760px) 100vw, 5760px\" src=\"data:image\/svg+xml;base64,PHN2ZyB3aWR0aD0iMSIgaGVpZ2h0PSIxIiB4bWxucz0iaHR0cDovL3d3dy53My5vcmcvMjAwMC9zdmciPjwvc3ZnPg==\" style=\"--smush-placeholder-width: 5760px; --smush-placeholder-aspect-ratio: 5760\/3604;\" \/><\/figure><\/li><li class=\"blocks-gallery-item\"><figure><img decoding=\"async\" width=\"1024\" height=\"583\" data-attachment-id=\"61437\" data-permalink=\"https:\/\/eldiariodesanpedro.com.ar\/sitio\/el-intendente-recibio-a-los-jovenes-representantes-del-parlamento-juvenil-del-mercosur\/2-84\/\" data-orig-file=\"https:\/\/eldiariodesanpedro.com.ar\/sitio\/wp-content\/uploads\/2019\/10\/2.jpg\" data-orig-size=\"5354,3050\" data-comments-opened=\"1\" data-image-meta=\"{&quot;aperture&quot;:&quot;4&quot;,&quot;credit&quot;:&quot;&quot;,&quot;camera&quot;:&quot;Canon EOS 5D Mark III&quot;,&quot;caption&quot;:&quot;&quot;,&quot;created_timestamp&quot;:&quot;1578131465&quot;,&quot;copyright&quot;:&quot;&quot;,&quot;focal_length&quot;:&quot;24&quot;,&quot;iso&quot;:&quot;800&quot;,&quot;shutter_speed&quot;:&quot;0.0125&quot;,&quot;title&quot;:&quot;&quot;,&quot;orientation&quot;:&quot;0&quot;}\" data-image-title=\"2\" data-image-description=\"\" data-image-caption=\"\" data-large-file=\"https:\/\/eldiariodesanpedro.com.ar\/sitio\/wp-content\/uploads\/2019\/10\/2-1024x583.jpg\" data-src=\"https:\/\/eldiariodesanpedro.com.ar\/sitio\/wp-content\/uploads\/2019\/10\/2-1024x583.jpg\" alt=\"\" data-id=\"61437\" data-link=\"https:\/\/eldiariodesanpedro.com.ar\/sitio\/?attachment_id=61437\" class=\"wp-image-61437 lazyload\" data-srcset=\"https:\/\/eldiariodesanpedro.com.ar\/sitio\/wp-content\/uploads\/2019\/10\/2-1024x583.jpg 1024w, https:\/\/eldiariodesanpedro.com.ar\/sitio\/wp-content\/uploads\/2019\/10\/2-300x171.jpg 300w, https:\/\/eldiariodesanpedro.com.ar\/sitio\/wp-content\/uploads\/2019\/10\/2-768x438.jpg 768w\" data-sizes=\"(max-width: 1024px) 100vw, 1024px\" src=\"data:image\/svg+xml;base64,PHN2ZyB3aWR0aD0iMSIgaGVpZ2h0PSIxIiB4bWxucz0iaHR0cDovL3d3dy53My5vcmcvMjAwMC9zdmciPjwvc3ZnPg==\" style=\"--smush-placeholder-width: 1024px; --smush-placeholder-aspect-ratio: 1024\/583;\" \/><\/figure><\/li><li class=\"blocks-gallery-item\"><figure><img decoding=\"async\" width=\"1024\" height=\"657\" data-attachment-id=\"61438\" data-permalink=\"https:\/\/eldiariodesanpedro.com.ar\/sitio\/el-intendente-recibio-a-los-jovenes-representantes-del-parlamento-juvenil-del-mercosur\/3-65\/\" data-orig-file=\"https:\/\/eldiariodesanpedro.com.ar\/sitio\/wp-content\/uploads\/2019\/10\/3.jpg\" data-orig-size=\"5465,3507\" data-comments-opened=\"1\" data-image-meta=\"{&quot;aperture&quot;:&quot;4&quot;,&quot;credit&quot;:&quot;&quot;,&quot;camera&quot;:&quot;Canon EOS 5D Mark III&quot;,&quot;caption&quot;:&quot;&quot;,&quot;created_timestamp&quot;:&quot;1578130299&quot;,&quot;copyright&quot;:&quot;&quot;,&quot;focal_length&quot;:&quot;50&quot;,&quot;iso&quot;:&quot;1600&quot;,&quot;shutter_speed&quot;:&quot;0.016666666666667&quot;,&quot;title&quot;:&quot;&quot;,&quot;orientation&quot;:&quot;0&quot;}\" data-image-title=\"3\" data-image-description=\"\" data-image-caption=\"\" data-large-file=\"https:\/\/eldiariodesanpedro.com.ar\/sitio\/wp-content\/uploads\/2019\/10\/3-1024x657.jpg\" data-src=\"https:\/\/eldiariodesanpedro.com.ar\/sitio\/wp-content\/uploads\/2019\/10\/3-1024x657.jpg\" alt=\"\" data-id=\"61438\" data-link=\"https:\/\/eldiariodesanpedro.com.ar\/sitio\/?attachment_id=61438\" class=\"wp-image-61438 lazyload\" data-srcset=\"https:\/\/eldiariodesanpedro.com.ar\/sitio\/wp-content\/uploads\/2019\/10\/3-1024x657.jpg 1024w, https:\/\/eldiariodesanpedro.com.ar\/sitio\/wp-content\/uploads\/2019\/10\/3-300x193.jpg 300w, https:\/\/eldiariodesanpedro.com.ar\/sitio\/wp-content\/uploads\/2019\/10\/3-768x493.jpg 768w\" data-sizes=\"(max-width: 1024px) 100vw, 1024px\" src=\"data:image\/svg+xml;base64,PHN2ZyB3aWR0aD0iMSIgaGVpZ2h0PSIxIiB4bWxucz0iaHR0cDovL3d3dy53My5vcmcvMjAwMC9zdmciPjwvc3ZnPg==\" style=\"--smush-placeholder-width: 1024px; --smush-placeholder-aspect-ratio: 1024\/657;\" \/><\/figure><\/li><\/ul>\n","protected":false},"excerpt":{"rendered":"<p>El Intendente Municipal Cecilio Salazar recibi\u00f3 en su despacho, a la delegaci\u00f3n que va a representar a nuestra ciudad en la Etapa Provincial del Parlamento Juvenil del Mercosur, que se llevar\u00e1 a cabo el pr\u00f3ximo 9 de octubre en La Plata y donde se debaten diferentes ejes tem\u00e1ticos: Inclusi\u00f3n educativa, G\u00e9nero, J\u00f3venes y trabajo, Participaci\u00f3n [&hellip;]<\/p>\n","protected":false},"author":4,"featured_media":61436,"comment_status":"open","ping_status":"closed","sticky":false,"template":"","format":"standard","meta":{"om_disable_all_campaigns":false,"_jetpack_memberships_contains_paid_content":false,"footnotes":""},"categories":[101,2],"tags":[],"class_list":["post-61435","post","type-post","status-publish","format-standard","has-post-thumbnail","hentry","category-interes-general-locales","category-locales"],"aioseo_notices":[],"gutentor_comment":0,"jetpack_featured_media_url":"https:\/\/eldiariodesanpedro.com.ar\/sitio\/wp-content\/uploads\/2019\/10\/1.jpg","jetpack_shortlink":"https:\/\/wp.me\/p6RhLt-fYT","jetpack_sharing_enabled":true,"_links":{"self":[{"href":"https:\/\/eldiariodesanpedro.com.ar\/sitio\/wp-json\/wp\/v2\/posts\/61435","targetHints":{"allow":["GET"]}}],"collection":[{"href":"https:\/\/eldiariodesanpedro.com.ar\/sitio\/wp-json\/wp\/v2\/posts"}],"about":[{"href":"https:\/\/eldiariodesanpedro.com.ar\/sitio\/wp-json\/wp\/v2\/types\/post"}],"author":[{"embeddable":true,"href":"https:\/\/eldiariodesanpedro.com.ar\/sitio\/wp-json\/wp\/v2\/users\/4"}],"replies":[{"embeddable":true,"href":"https:\/\/eldiariodesanpedro.com.ar\/sitio\/wp-json\/wp\/v2\/comments?post=61435"}],"version-history":[{"count":1,"href":"https:\/\/eldiariodesanpedro.com.ar\/sitio\/wp-json\/wp\/v2\/posts\/61435\/revisions"}],"predecessor-version":[{"id":61439,"href":"https:\/\/eldiariodesanpedro.com.ar\/sitio\/wp-json\/wp\/v2\/posts\/61435\/revisions\/61439"}],"wp:featuredmedia":[{"embeddable":true,"href":"https:\/\/eldiariodesanpedro.com.ar\/sitio\/wp-json\/wp\/v2\/media\/61436"}],"wp:attachment":[{"href":"https:\/\/eldiariodesanpedro.com.ar\/sitio\/wp-json\/wp\/v2\/media?parent=61435"}],"wp:term":[{"taxonomy":"category","embeddable":true,"href":"https:\/\/eldiariodesanpedro.com.ar\/sitio\/wp-json\/wp\/v2\/categories?post=61435"},{"taxonomy":"post_tag","embeddable":true,"href":"https:\/\/eldiariodesanpedro.com.ar\/sitio\/wp-json\/wp\/v2\/tags?post=61435"}],"curies":[{"name":"wp","href":"https:\/\/api.w.org\/{rel}","templated":true}]}}