{"id":61433,"date":"2019-10-07T18:04:00","date_gmt":"2019-10-07T21:04:00","guid":{"rendered":"https:\/\/eldiariodesanpedro.com.ar\/sitio\/?p=61433"},"modified":"2019-10-07T18:04:04","modified_gmt":"2019-10-07T21:04:04","slug":"una-nina-fue-atropellada-y-sufrio-una-fractura","status":"publish","type":"post","link":"https:\/\/eldiariodesanpedro.com.ar\/sitio\/una-nina-fue-atropellada-y-sufrio-una-fractura\/","title":{"rendered":"Una ni\u00f1a fue atropellada y sufri\u00f3 una fractura"},"content":{"rendered":"<!-- VideographyWP Plugin Message: Automatic video embedding prevented by plugin options. -->\n\n<p>El hecho sucedi\u00f3 este domingo por la tarde, la ni\u00f1a jugaba con su primo y es colisionada por un autom\u00f3vil. Como consecuencia la menor sufre fractura de miembro inferior derecho.<\/p>\n\n\n\n<p>As\u00ed fue como radic\u00f3 su denuncia en la dependencia local una joven  femenina de 22 a\u00f1os de edad,quien cuenta que su hija \u00a0de 5, por razones que se tratan de establecer en calle Am\u00e9rica, momento en que jugaba con su primo de 10, es colisionada por un autom\u00f3vil marca Volkswagen color gris, guiado por otra femenina de 25 a\u00f1os.\u00a0 <\/p>\n\n\n\n<p>Como consecuencia la menor sufre una fractura de miembro inferior derecho.<\/p>\n\n\n\n<p>Interviene la fiscalia N\u00ba5.<br><\/p>\n","protected":false},"excerpt":{"rendered":"<p>El hecho sucedi\u00f3 este domingo por la tarde, la ni\u00f1a jugaba con su primo y es colisionada por un autom\u00f3vil. Como consecuencia la menor sufre fractura de miembro inferior derecho. As\u00ed fue como radic\u00f3 su denuncia en la dependencia local una joven femenina de 22 a\u00f1os de edad,quien cuenta que su hija \u00a0de 5, por [&hellip;]<\/p>\n","protected":false},"author":4,"featured_media":58556,"comment_status":"open","ping_status":"closed","sticky":false,"template":"","format":"standard","meta":{"om_disable_all_campaigns":false,"_jetpack_memberships_contains_paid_content":false,"footnotes":""},"categories":[2,103],"tags":[],"class_list":["post-61433","post","type-post","status-publish","format-standard","has-post-thumbnail","hentry","category-locales","category-policiales-locales"],"aioseo_notices":[],"gutentor_comment":0,"jetpack_featured_media_url":"https:\/\/eldiariodesanpedro.com.ar\/sitio\/wp-content\/uploads\/2019\/08\/ambulancia-same-520x347.jpg","jetpack_shortlink":"https:\/\/wp.me\/p6RhLt-fYR","jetpack_sharing_enabled":true,"_links":{"self":[{"href":"https:\/\/eldiariodesanpedro.com.ar\/sitio\/wp-json\/wp\/v2\/posts\/61433","targetHints":{"allow":["GET"]}}],"collection":[{"href":"https:\/\/eldiariodesanpedro.com.ar\/sitio\/wp-json\/wp\/v2\/posts"}],"about":[{"href":"https:\/\/eldiariodesanpedro.com.ar\/sitio\/wp-json\/wp\/v2\/types\/post"}],"author":[{"embeddable":true,"href":"https:\/\/eldiariodesanpedro.com.ar\/sitio\/wp-json\/wp\/v2\/users\/4"}],"replies":[{"embeddable":true,"href":"https:\/\/eldiariodesanpedro.com.ar\/sitio\/wp-json\/wp\/v2\/comments?post=61433"}],"version-history":[{"count":1,"href":"https:\/\/eldiariodesanpedro.com.ar\/sitio\/wp-json\/wp\/v2\/posts\/61433\/revisions"}],"predecessor-version":[{"id":61434,"href":"https:\/\/eldiariodesanpedro.com.ar\/sitio\/wp-json\/wp\/v2\/posts\/61433\/revisions\/61434"}],"wp:featuredmedia":[{"embeddable":true,"href":"https:\/\/eldiariodesanpedro.com.ar\/sitio\/wp-json\/wp\/v2\/media\/58556"}],"wp:attachment":[{"href":"https:\/\/eldiariodesanpedro.com.ar\/sitio\/wp-json\/wp\/v2\/media?parent=61433"}],"wp:term":[{"taxonomy":"category","embeddable":true,"href":"https:\/\/eldiariodesanpedro.com.ar\/sitio\/wp-json\/wp\/v2\/categories?post=61433"},{"taxonomy":"post_tag","embeddable":true,"href":"https:\/\/eldiariodesanpedro.com.ar\/sitio\/wp-json\/wp\/v2\/tags?post=61433"}],"curies":[{"name":"wp","href":"https:\/\/api.w.org\/{rel}","templated":true}]}}