{"id":61428,"date":"2019-10-07T10:15:21","date_gmt":"2019-10-07T13:15:21","guid":{"rendered":"https:\/\/eldiariodesanpedro.com.ar\/sitio\/?p=61428"},"modified":"2019-10-07T10:15:25","modified_gmt":"2019-10-07T13:15:25","slug":"san-andres-de-giles-condenaron-a-18-anos-al-abusador-detenido-en-giles","status":"publish","type":"post","link":"https:\/\/eldiariodesanpedro.com.ar\/sitio\/san-andres-de-giles-condenaron-a-18-anos-al-abusador-detenido-en-giles\/","title":{"rendered":"SAN ANDR\u00c9S DE GILES | Condenaron a 18 a\u00f1os al abusador detenido en Giles"},"content":{"rendered":"<!-- VideographyWP Plugin Message: Automatic video embedding prevented by plugin options. -->\n\n<p>\n\nLa Justicia conden\u00f3 a un empresario a 18 a\u00f1os de prisi\u00f3n por abusar sexualmente de una nena. Fue este mi\u00e9rcoles a trav\u00e9s de un fallo un\u00e1nime del Tribunal Oral de Menores N\u00b0 3 porte\u00f1o, que encontr\u00f3 a Kurt Gwerder, de 50 a\u00f1os, culpable de abuso sexual agravado por ser gravemente ultrajante y por estar encargado de la guarda de una menor, cometido en forma reiterada y en concurso ideal con corrupci\u00f3n de una menor de 13 a\u00f1os.<\/p>\n\n\n\n<p>La investigaci\u00f3n encabezada por la fiscal Patricia Quirno Costa lleg\u00f3 a la conclusi\u00f3n de que&nbsp;el empresario abusaba sexualmente en sus oficinas de una nena de seis a\u00f1os. Seg\u00fan fuentes judiciales, entre febrero de 2015 y enero de 2016 el hombre&nbsp;le pagaba a la madre de la v\u00edctima para abusarla sexualmente.<\/p>\n\n\n\n<p>Tambi\u00e9n fue condenada a tres a\u00f1os de prisi\u00f3n en suspenso y deber\u00e1 hacer tareas comunitarias y tratamiento psicol\u00f3gico una joven que ten\u00eda 17 a\u00f1os al momento en que comenzaron los hechos y que fue encontrada culpable como&nbsp;part\u00edcipe secundaria del abuso sexual.<\/p>\n\n\n\n<p>El empresario hab\u00eda sido detenido en diciembre de 2018 en San Andr\u00e9s de Giles, en un operativo encabezado por la Direcci\u00f3n de Minoridad de la Polic\u00eda de la Ciudad. Lleg\u00f3 al juicio acusado del delito de abuso sexual calificado por haber configurado en la v\u00edctima un sometimiento gravemente ultrajante por su duraci\u00f3n, y con la participaci\u00f3n de m\u00e1s personas.<\/p>\n\n\n\n<p>El delito de corrupci\u00f3n tambi\u00e9n resultaba agravado \u201cpor tratarse de una menor de 13 a\u00f1os y por haberse cometido con amenazas\u201d, seg\u00fan publico el sitio www.fiscales.gob.ar.<\/p>\n\n\n\n<p>Seg\u00fan se estableci\u00f3 en la etapa de instrucci\u00f3n de la causa, la madre de la v\u00edctima la llevaba hasta la esquina de Independencia y Tacuar\u00ed, en Monserrat, desde donde o el empresario o la joven tambi\u00e9n condenada llevaba a la nena hasta unas oficinas de San Telmo: all\u00ed se produc\u00edan los abusos.<\/p>\n\n\n\n<p>La investigaci\u00f3n estableci\u00f3 que Gwerder obligaba a la nena a desnudarse, la tocaba en sus partes \u00edntimas y le exig\u00eda que lo tocara a \u00e9l. Adem\u00e1s, le sacaba fotos desnuda o con poca ropa y la obligaba a mirar videos pornogr\u00e1ficos. La fiscal\u00eda tambi\u00e9n estableci\u00f3 que Gwerder sol\u00eda subirse encima de la nena y la amenazaba con contarles a sus padres que se portaba mal si no acced\u00eda a sus sometimientos.<\/p>\n\n\n\n<p>Esto, determin\u00f3 la investigaci\u00f3n, ocurr\u00eda en presencia de la joven imputada, quien le suger\u00eda que accediera a las demandas del empresario que result\u00f3 condenado.<\/p>\n\n\n\n<p>Seg\u00fan el requerimiento de elevaci\u00f3n a juicio, en febrero de 2015 la nena fue ingresada al hospital Argerich por dolores en la zona genital.&nbsp;En ese contexto, sus hermanas denunciaron los abusos: Gwerder y la joven imputada fueron detenidos. La nena viv\u00eda con sus hermanas en Glew durante diez meses, pero finalmente volvi\u00f3 a convivir con su mam\u00e1.<\/p>\n\n\n\n<p>Una vez en libertad, Gwerder volvi\u00f3 a abusar de la v\u00edctima hasta enero de 2016, cuando la nena encontr\u00f3 en una plazoleta a una vecina y le pidi\u00f3 que no la llevara con su mam\u00e1 porque \u201cla entregaba\u201d a cambio de dinero a un hombre al que identific\u00f3 como \u201cPablo\u201d. En ese momento, en una nueva revisaci\u00f3n en el Argerich constataron distintas lesiones.<\/p>\n\n\n\n<p>Seg\u00fan determinaron los forenses durante la investigaci\u00f3n, la nena ten\u00eda \u201cun alto grado de compromiso en su desarrollo psicoemocional asociado a situaciones de vulnerabilidad psicosocial, escasa contenci\u00f3n y exposici\u00f3n a situaciones de riesgo\u201d y que present\u00f3 \u201csignos y s\u00edntomas compatibles con un estr\u00e9s post-traum\u00e1tico\u201d relacionado con un posible abuso sexual.<\/p>\n\n\n\n<p>Fuente: Clarin<\/p>\n","protected":false},"excerpt":{"rendered":"<p>La Justicia conden\u00f3 a un empresario a 18 a\u00f1os de prisi\u00f3n por abusar sexualmente de una nena. Fue este mi\u00e9rcoles a trav\u00e9s de un fallo un\u00e1nime del Tribunal Oral de Menores N\u00b0 3 porte\u00f1o, que encontr\u00f3 a Kurt Gwerder, de 50 a\u00f1os, culpable de abuso sexual agravado por ser gravemente ultrajante y por estar encargado [&hellip;]<\/p>\n","protected":false},"author":4,"featured_media":61429,"comment_status":"open","ping_status":"closed","sticky":false,"template":"","format":"standard","meta":{"om_disable_all_campaigns":false,"_jetpack_memberships_contains_paid_content":false,"footnotes":""},"categories":[621],"tags":[],"class_list":["post-61428","post","type-post","status-publish","format-standard","has-post-thumbnail","hentry","category-regionales"],"aioseo_notices":[],"gutentor_comment":0,"jetpack_featured_media_url":"https:\/\/eldiariodesanpedro.com.ar\/sitio\/wp-content\/uploads\/2019\/10\/abusador2_0.png","jetpack_shortlink":"https:\/\/wp.me\/p6RhLt-fYM","jetpack_sharing_enabled":true,"_links":{"self":[{"href":"https:\/\/eldiariodesanpedro.com.ar\/sitio\/wp-json\/wp\/v2\/posts\/61428","targetHints":{"allow":["GET"]}}],"collection":[{"href":"https:\/\/eldiariodesanpedro.com.ar\/sitio\/wp-json\/wp\/v2\/posts"}],"about":[{"href":"https:\/\/eldiariodesanpedro.com.ar\/sitio\/wp-json\/wp\/v2\/types\/post"}],"author":[{"embeddable":true,"href":"https:\/\/eldiariodesanpedro.com.ar\/sitio\/wp-json\/wp\/v2\/users\/4"}],"replies":[{"embeddable":true,"href":"https:\/\/eldiariodesanpedro.com.ar\/sitio\/wp-json\/wp\/v2\/comments?post=61428"}],"version-history":[{"count":1,"href":"https:\/\/eldiariodesanpedro.com.ar\/sitio\/wp-json\/wp\/v2\/posts\/61428\/revisions"}],"predecessor-version":[{"id":61430,"href":"https:\/\/eldiariodesanpedro.com.ar\/sitio\/wp-json\/wp\/v2\/posts\/61428\/revisions\/61430"}],"wp:featuredmedia":[{"embeddable":true,"href":"https:\/\/eldiariodesanpedro.com.ar\/sitio\/wp-json\/wp\/v2\/media\/61429"}],"wp:attachment":[{"href":"https:\/\/eldiariodesanpedro.com.ar\/sitio\/wp-json\/wp\/v2\/media?parent=61428"}],"wp:term":[{"taxonomy":"category","embeddable":true,"href":"https:\/\/eldiariodesanpedro.com.ar\/sitio\/wp-json\/wp\/v2\/categories?post=61428"},{"taxonomy":"post_tag","embeddable":true,"href":"https:\/\/eldiariodesanpedro.com.ar\/sitio\/wp-json\/wp\/v2\/tags?post=61428"}],"curies":[{"name":"wp","href":"https:\/\/api.w.org\/{rel}","templated":true}]}}