{"id":61425,"date":"2019-10-07T10:13:31","date_gmt":"2019-10-07T13:13:31","guid":{"rendered":"https:\/\/eldiariodesanpedro.com.ar\/sitio\/?p=61425"},"modified":"2019-10-07T10:13:35","modified_gmt":"2019-10-07T13:13:35","slug":"arrecifes-protesta-con-tiroteo-y-heridos-en-avenida-molina","status":"publish","type":"post","link":"https:\/\/eldiariodesanpedro.com.ar\/sitio\/arrecifes-protesta-con-tiroteo-y-heridos-en-avenida-molina\/","title":{"rendered":"ARRECIFES | Protesta con tiroteo y heridos en Avenida Molina"},"content":{"rendered":"<!-- VideographyWP Plugin Message: Automatic video embedding prevented by plugin options. -->\n\n<p>En la noche de este domingo se produjeron incidentes en Avenida Molina que terminaron con varios heridos, entre ellos una persona que recibi\u00f3 un balazo en el pecho.<\/p>\n\n\n\n<p>Los hechos se generaron a ra\u00edz de una denuncia de abuso sexual hacia un ni\u00f1o de 7 a\u00f1os, ocurrida esta madrugada. La familia del menor hizo la denuncia en la Polic\u00eda y tambi\u00e9n p\u00fablicamente, a trav\u00e9s de las redes sociales.<\/p>\n\n\n\n<p>Ello provoc\u00f3 que un importante grupo de vecinos se dirigiera hacia el domicilio del supuesto autor del abuso reclamando justicia por mano propia. Prendieron fuego en la puerta de la casa, desde cuyo interior se efectuaron disparos.<\/p>\n\n\n\n<p>La Polic\u00eda no pod\u00eda intervenir para detener al acusado ya que pidi\u00f3 la orden de detenci\u00f3n a San Nicol\u00e1s pero hasta esta noche no hab\u00eda tenido respuestas, por lo que debi\u00f3 dedicarse a tratar de calmar a los vecinos que reclamaban justicia y hab\u00edan sido recibidos a los tiros.<\/p>\n\n\n\n<p>Hubo varios heridos, entre ellos un masculino con un disparo en el pecho. La bala qued\u00f3 alojada en su t\u00f3rax pero afortunadamente no habr\u00eda tocado ning\u00fan \u00f3rgano vital, por lo que estaba siendo atendido en el Hospital Municipal sin que corra riesgo su vida, seg\u00fan se inform\u00f3 en el nosocomio local.<\/p>\n\n\n\n<p>Fuente: Noticias Arrecifes<\/p>\n","protected":false},"excerpt":{"rendered":"<p>En la noche de este domingo se produjeron incidentes en Avenida Molina que terminaron con varios heridos, entre ellos una persona que recibi\u00f3 un balazo en el pecho. Los hechos se generaron a ra\u00edz de una denuncia de abuso sexual hacia un ni\u00f1o de 7 a\u00f1os, ocurrida esta madrugada. La familia del menor hizo la [&hellip;]<\/p>\n","protected":false},"author":4,"featured_media":61426,"comment_status":"open","ping_status":"closed","sticky":false,"template":"","format":"standard","meta":{"om_disable_all_campaigns":false,"_jetpack_memberships_contains_paid_content":false,"footnotes":""},"categories":[621],"tags":[],"class_list":["post-61425","post","type-post","status-publish","format-standard","has-post-thumbnail","hentry","category-regionales"],"aioseo_notices":[],"gutentor_comment":0,"jetpack_featured_media_url":"https:\/\/eldiariodesanpedro.com.ar\/sitio\/wp-content\/uploads\/2019\/10\/Av-Molina-tiros-699x510.jpg","jetpack_shortlink":"https:\/\/wp.me\/p6RhLt-fYJ","jetpack_sharing_enabled":true,"_links":{"self":[{"href":"https:\/\/eldiariodesanpedro.com.ar\/sitio\/wp-json\/wp\/v2\/posts\/61425","targetHints":{"allow":["GET"]}}],"collection":[{"href":"https:\/\/eldiariodesanpedro.com.ar\/sitio\/wp-json\/wp\/v2\/posts"}],"about":[{"href":"https:\/\/eldiariodesanpedro.com.ar\/sitio\/wp-json\/wp\/v2\/types\/post"}],"author":[{"embeddable":true,"href":"https:\/\/eldiariodesanpedro.com.ar\/sitio\/wp-json\/wp\/v2\/users\/4"}],"replies":[{"embeddable":true,"href":"https:\/\/eldiariodesanpedro.com.ar\/sitio\/wp-json\/wp\/v2\/comments?post=61425"}],"version-history":[{"count":1,"href":"https:\/\/eldiariodesanpedro.com.ar\/sitio\/wp-json\/wp\/v2\/posts\/61425\/revisions"}],"predecessor-version":[{"id":61427,"href":"https:\/\/eldiariodesanpedro.com.ar\/sitio\/wp-json\/wp\/v2\/posts\/61425\/revisions\/61427"}],"wp:featuredmedia":[{"embeddable":true,"href":"https:\/\/eldiariodesanpedro.com.ar\/sitio\/wp-json\/wp\/v2\/media\/61426"}],"wp:attachment":[{"href":"https:\/\/eldiariodesanpedro.com.ar\/sitio\/wp-json\/wp\/v2\/media?parent=61425"}],"wp:term":[{"taxonomy":"category","embeddable":true,"href":"https:\/\/eldiariodesanpedro.com.ar\/sitio\/wp-json\/wp\/v2\/categories?post=61425"},{"taxonomy":"post_tag","embeddable":true,"href":"https:\/\/eldiariodesanpedro.com.ar\/sitio\/wp-json\/wp\/v2\/tags?post=61425"}],"curies":[{"name":"wp","href":"https:\/\/api.w.org\/{rel}","templated":true}]}}