{"id":61422,"date":"2019-10-07T10:11:50","date_gmt":"2019-10-07T13:11:50","guid":{"rendered":"https:\/\/eldiariodesanpedro.com.ar\/sitio\/?p=61422"},"modified":"2019-10-07T10:11:54","modified_gmt":"2019-10-07T13:11:54","slug":"zarate-bomberos-voluntarios-en-estado-de-movilizacion-y-reclamo","status":"publish","type":"post","link":"https:\/\/eldiariodesanpedro.com.ar\/sitio\/zarate-bomberos-voluntarios-en-estado-de-movilizacion-y-reclamo\/","title":{"rendered":"Z\u00c1RATE | Bomberos Voluntarios en estado de movilizaci\u00f3n y reclamo"},"content":{"rendered":"<!-- VideographyWP Plugin Message: Automatic video embedding prevented by plugin options. -->\n\n<p>Ante la mala situaci\u00f3n que atraviesa el cuartel en este momento, al no poder afrontar sus gastos por falta de ingresos y ante la mirada esquiva del intendente, optaron por movilizarse pac\u00edficamente en las puertas del municipio esperando la llegada del Intendente, no se hizo presente.<\/p>\n\n\n\n<p>\u201cNuestro cuartel esta pr\u00e1cticamente fundido por las deudas en las compras de camiones, compra de equipos para bomberos, la inflaestructura notablemente deteriorada, falta de combustible, autobombas que no pueden ser reparados, rotura y p\u00e9rdida de materiales en el ultimo incendio del supermercado Lin que no pueden ser repuestos. Adem\u00e1s de una deuda de 52.000 d\u00f3lares por el pago de la escalera mecanica\u201d, expresaron desde redes sociales oficiales.<\/p>\n\n\n\n<p>Dentro del reclamo se incluye la renegociacion del servicio de emergencia SEMU, ya que los choferes de dicha ambulancia se encuentran trabajando en negro; que se incremente el monto pagado por dicho servicio porque el monto actual es insuficiente y se haga entrega de la segunda ambulancia prometida hace m\u00e1s de 4 a\u00f1os.<\/p>\n\n\n\n<p>\u201cPor esto y mucho mas seguiremos manifestandonos frente al Municipio con nuestros m\u00f3viles y bomberos, a los vecinos que quieran acompa\u00f1arnos los esperamos en Rivadavia frente al Municipio\u201d, sentenciaron.<\/p>\n\n\n\n<p><strong>Fuente:&nbsp;<\/strong>Noticias Z\u00e1rate Alerta<\/p>\n","protected":false},"excerpt":{"rendered":"<p>Ante la mala situaci\u00f3n que atraviesa el cuartel en este momento, al no poder afrontar sus gastos por falta de ingresos y ante la mirada esquiva del intendente, optaron por movilizarse pac\u00edficamente en las puertas del municipio esperando la llegada del Intendente, no se hizo presente. \u201cNuestro cuartel esta pr\u00e1cticamente fundido por las deudas en [&hellip;]<\/p>\n","protected":false},"author":4,"featured_media":61423,"comment_status":"open","ping_status":"closed","sticky":false,"template":"","format":"standard","meta":{"om_disable_all_campaigns":false,"_jetpack_memberships_contains_paid_content":false,"footnotes":""},"categories":[621],"tags":[],"class_list":["post-61422","post","type-post","status-publish","format-standard","has-post-thumbnail","hentry","category-regionales"],"aioseo_notices":[],"gutentor_comment":0,"jetpack_featured_media_url":"https:\/\/eldiariodesanpedro.com.ar\/sitio\/wp-content\/uploads\/2019\/10\/E1C646EE-677A-497B-B4EF-EBAC3C9DB7AE.jpeg","jetpack_shortlink":"https:\/\/wp.me\/p6RhLt-fYG","jetpack_sharing_enabled":true,"_links":{"self":[{"href":"https:\/\/eldiariodesanpedro.com.ar\/sitio\/wp-json\/wp\/v2\/posts\/61422","targetHints":{"allow":["GET"]}}],"collection":[{"href":"https:\/\/eldiariodesanpedro.com.ar\/sitio\/wp-json\/wp\/v2\/posts"}],"about":[{"href":"https:\/\/eldiariodesanpedro.com.ar\/sitio\/wp-json\/wp\/v2\/types\/post"}],"author":[{"embeddable":true,"href":"https:\/\/eldiariodesanpedro.com.ar\/sitio\/wp-json\/wp\/v2\/users\/4"}],"replies":[{"embeddable":true,"href":"https:\/\/eldiariodesanpedro.com.ar\/sitio\/wp-json\/wp\/v2\/comments?post=61422"}],"version-history":[{"count":1,"href":"https:\/\/eldiariodesanpedro.com.ar\/sitio\/wp-json\/wp\/v2\/posts\/61422\/revisions"}],"predecessor-version":[{"id":61424,"href":"https:\/\/eldiariodesanpedro.com.ar\/sitio\/wp-json\/wp\/v2\/posts\/61422\/revisions\/61424"}],"wp:featuredmedia":[{"embeddable":true,"href":"https:\/\/eldiariodesanpedro.com.ar\/sitio\/wp-json\/wp\/v2\/media\/61423"}],"wp:attachment":[{"href":"https:\/\/eldiariodesanpedro.com.ar\/sitio\/wp-json\/wp\/v2\/media?parent=61422"}],"wp:term":[{"taxonomy":"category","embeddable":true,"href":"https:\/\/eldiariodesanpedro.com.ar\/sitio\/wp-json\/wp\/v2\/categories?post=61422"},{"taxonomy":"post_tag","embeddable":true,"href":"https:\/\/eldiariodesanpedro.com.ar\/sitio\/wp-json\/wp\/v2\/tags?post=61422"}],"curies":[{"name":"wp","href":"https:\/\/api.w.org\/{rel}","templated":true}]}}