{"id":61418,"date":"2019-10-07T10:10:21","date_gmt":"2019-10-07T13:10:21","guid":{"rendered":"https:\/\/eldiariodesanpedro.com.ar\/sitio\/?p=61418"},"modified":"2019-10-07T10:10:25","modified_gmt":"2019-10-07T13:10:25","slug":"zarate-hombre-murio-al-caer-al-vacio-el-aeroplano-que-piloteaba","status":"publish","type":"post","link":"https:\/\/eldiariodesanpedro.com.ar\/sitio\/zarate-hombre-murio-al-caer-al-vacio-el-aeroplano-que-piloteaba\/","title":{"rendered":"Z\u00c1RATE | Hombre muri\u00f3 al caer al vac\u00edo el aeroplano que piloteaba"},"content":{"rendered":"<!-- VideographyWP Plugin Message: Automatic video embedding prevented by plugin options. -->\n\n<p>A ra\u00edz de un accidente de aviaci\u00f3n, un hombre, de 59 a\u00f1os, muri\u00f3 al caer al vac\u00edo el aeroplano que piloteaba. El tr\u00e1gico suceso se registr\u00f3 esta tarde en la localidad bonaerense de&nbsp;Z\u00e1rate.<\/p>\n\n\n\n<p>Los voceros del departamento judicial de&nbsp;Z\u00e1rate \u2013 Campana revelaron&nbsp;<strong><\/strong>que la infortunada v\u00edctima fue identificada como&nbsp;<strong>Eduardo Mignaquy<\/strong>, de 59 a\u00f1os, cuyo cad\u00e1ver qued\u00f3 dentro del aparato, que finaliz\u00f3 parcialmente destruido por el terrible impacto.<\/p>\n\n\n\n<p>De acuerdo a lo manifestado por los informantes, el hecho se produjo cuando la aeronave sali\u00f3 del Club de Planeadores de&nbsp;Z\u00e1rate, situado en el cruce de Ant\u00e1rtida Argentina y la Ruta Nacional 9, y, por motivos que desconocen, cay\u00f3 a tierra en un terreno que se encuentra ubicado a 1.600 metros del establecimiento.<\/p>\n\n\n\n<p>Pesquisas policiales de la comisar\u00eda 1\u00aa de\u00a0Z\u00e1rate\u00a0se ocupan de investigar lo ocurrido.<\/p>\n\n\n\n<p>Fuente: Impacto Local<\/p>\n","protected":false},"excerpt":{"rendered":"<p>A ra\u00edz de un accidente de aviaci\u00f3n, un hombre, de 59 a\u00f1os, muri\u00f3 al caer al vac\u00edo el aeroplano que piloteaba. El tr\u00e1gico suceso se registr\u00f3 esta tarde en la localidad bonaerense de&nbsp;Z\u00e1rate. Los voceros del departamento judicial de&nbsp;Z\u00e1rate \u2013 Campana revelaron&nbsp;que la infortunada v\u00edctima fue identificada como&nbsp;Eduardo Mignaquy, de 59 a\u00f1os, cuyo cad\u00e1ver qued\u00f3 [&hellip;]<\/p>\n","protected":false},"author":4,"featured_media":61419,"comment_status":"open","ping_status":"closed","sticky":false,"template":"","format":"standard","meta":{"om_disable_all_campaigns":false,"_jetpack_memberships_contains_paid_content":false,"footnotes":""},"categories":[621],"tags":[],"class_list":["post-61418","post","type-post","status-publish","format-standard","has-post-thumbnail","hentry","category-regionales"],"aioseo_notices":[],"gutentor_comment":0,"jetpack_featured_media_url":"https:\/\/eldiariodesanpedro.com.ar\/sitio\/wp-content\/uploads\/2019\/10\/aero-bien_crop1570305755746.jpg_345970201-1.jpg","jetpack_shortlink":"https:\/\/wp.me\/p6RhLt-fYC","jetpack_sharing_enabled":true,"_links":{"self":[{"href":"https:\/\/eldiariodesanpedro.com.ar\/sitio\/wp-json\/wp\/v2\/posts\/61418","targetHints":{"allow":["GET"]}}],"collection":[{"href":"https:\/\/eldiariodesanpedro.com.ar\/sitio\/wp-json\/wp\/v2\/posts"}],"about":[{"href":"https:\/\/eldiariodesanpedro.com.ar\/sitio\/wp-json\/wp\/v2\/types\/post"}],"author":[{"embeddable":true,"href":"https:\/\/eldiariodesanpedro.com.ar\/sitio\/wp-json\/wp\/v2\/users\/4"}],"replies":[{"embeddable":true,"href":"https:\/\/eldiariodesanpedro.com.ar\/sitio\/wp-json\/wp\/v2\/comments?post=61418"}],"version-history":[{"count":1,"href":"https:\/\/eldiariodesanpedro.com.ar\/sitio\/wp-json\/wp\/v2\/posts\/61418\/revisions"}],"predecessor-version":[{"id":61421,"href":"https:\/\/eldiariodesanpedro.com.ar\/sitio\/wp-json\/wp\/v2\/posts\/61418\/revisions\/61421"}],"wp:featuredmedia":[{"embeddable":true,"href":"https:\/\/eldiariodesanpedro.com.ar\/sitio\/wp-json\/wp\/v2\/media\/61419"}],"wp:attachment":[{"href":"https:\/\/eldiariodesanpedro.com.ar\/sitio\/wp-json\/wp\/v2\/media?parent=61418"}],"wp:term":[{"taxonomy":"category","embeddable":true,"href":"https:\/\/eldiariodesanpedro.com.ar\/sitio\/wp-json\/wp\/v2\/categories?post=61418"},{"taxonomy":"post_tag","embeddable":true,"href":"https:\/\/eldiariodesanpedro.com.ar\/sitio\/wp-json\/wp\/v2\/tags?post=61418"}],"curies":[{"name":"wp","href":"https:\/\/api.w.org\/{rel}","templated":true}]}}