{"id":61411,"date":"2019-10-07T10:07:43","date_gmt":"2019-10-07T13:07:43","guid":{"rendered":"https:\/\/eldiariodesanpedro.com.ar\/sitio\/?p=61411"},"modified":"2019-10-07T10:07:48","modified_gmt":"2019-10-07T13:07:48","slug":"baradero-la-intendenta-inauguro-la-ampliacion-y-refaccion-del-hogar-de-ancianos-san-jose","status":"publish","type":"post","link":"https:\/\/eldiariodesanpedro.com.ar\/sitio\/baradero-la-intendenta-inauguro-la-ampliacion-y-refaccion-del-hogar-de-ancianos-san-jose\/","title":{"rendered":"BARADERO | La intendenta inaugur\u00f3 la ampliaci\u00f3n y refacci\u00f3n del Hogar de Ancianos \u201cSan Jos\u00e9\u201d"},"content":{"rendered":"<!-- VideographyWP Plugin Message: Automatic video embedding prevented by plugin options. -->\n\n<p>En la ma\u00f1ana de viernes, la jefa comunal encabez\u00f3 el acto inaugural de la ampliaci\u00f3n y refacci\u00f3n de la instituci\u00f3n que cambi\u00f3 por completo la calidad de vida de todos los adultos mayores residentes del c\u00e1lido Hogar de Ancianos.<\/p>\n\n\n\n<p>La sencilla y emotiva inauguraci\u00f3n tuvo la presencia de autoridades municipales entre ellas, la directora general de pol\u00edticas de familia Cecilia Guariniello, la directora general de gesti\u00f3n social&nbsp;&nbsp;y trabajo comunitario P\u00eda Fitipaldi, la directora del Hogar de Ancianos Zully Borba, el presidente del HCD Mart\u00edn C\u00e1rdenas, el subsecretario de espacios p\u00fablicos y ambiente Ezequiel Gonz\u00e1lez, el secretario de cultura, turismo, educaci\u00f3n y deporte Marcos Barlatay, autoridades de PAMI, residentes, candidatos de Juntos por el Cambio, entre otros; y concejales y vecinos de la ciudad.<\/p>\n\n\n\n<p><em>\u201cQuiero agradecer a la comisi\u00f3n del Hogar de Ancianos \u201cSan Jos\u00e9, sin ellos no hubiese sido posible nada, es un sue\u00f1o cumplido\u201d<\/em>&nbsp;dijo, emocionada, la directora de la instituci\u00f3n, Zully Borba.<\/p>\n\n\n\n<p>Y luego, fue el turno de la intendenta municipal que manifest\u00f3 que la obra es un esfuerzo compartido por todas las partes que trabajaron y se comprometieron para que se puedan concretar cada uno de los avances que hacen que hoy la instituci\u00f3n brinde mayores prestaciones, comodidades y calidad en todas sus \u00e1reas.&nbsp;<em>\u201cEs lindo so\u00f1ar, pero lo importante es trabajar y hacer para que esos sue\u00f1os sean realidad. Esto se dio por un gran esfuerzo del municipio y todos los equipos municipales, pero por sobre todas las cosas de todos los baraderenses que son parte de la perseverancia, el esfuerzo y la solidaridad. Lograr la habilitaci\u00f3n de PAMI, que fue uno de los hechos significantes de todo lo que avanzamos, significa que cada uno de los residentes que cuidamos como una familia tienen mejores prestaciones y mejor calidad de vida\u201d<\/em>&nbsp;concluy\u00f3 la jefa comunal.<\/p>\n\n\n\n<p>La jornada llena de reconocimientos culmin\u00f3 con el coro municipal de Juan Sebasti\u00e1n Concilio.<\/p>\n\n\n\n<p><strong>El camino de la renovaci\u00f3n y ampliaci\u00f3n  <\/strong><\/p>\n\n\n\n<p>Desde el a\u00f1o 2016 se inici\u00f3 el camino de remodelaci\u00f3n completa del Hogar de Ancianos \u201cSan Jos\u00e9\u201d, con la renovaci\u00f3n de la cocina y toda su instalaci\u00f3n. Se renovaron las mesadas, las instalaciones de luz y agua, renovando tambi\u00e9n absolutamente todas las aberturas.<\/p>\n\n\n\n<p>En el 2017 arranc\u00f3 con el proyecto incesante de continuar los cambios de la instituci\u00f3n en el que se realiz\u00f3 la remodelaci\u00f3n del comedor, cambiando el cielo raso de machimbre por uno ign\u00edfugo y pintando la totalidad del comedor.<\/p>\n\n\n\n<p>Para lograr la habilitaci\u00f3n provincial y gestionar la habilitaci\u00f3n de PAMI, el municipio trabaj\u00f3 mediante la Subsecretar\u00eda de Espacios P\u00fablicos y Ambiente brindando capacitaciones a los profesionales que trabajan d\u00eda a d\u00eda en el hogar, sobre siniestros e importantes medidas de prevenci\u00f3n. A su vez, se concret\u00f3 la colocaci\u00f3n de detectores de humo y gas en toda la instituci\u00f3n, y se compraron matafuegos nuevos de acuerdo a la necesidad de cada \u00e1rea, ubicando como medida de seguridad, puertas de emergencia con su debida se\u00f1alizaci\u00f3n.<\/p>\n\n\n\n<p>Eso no es todo, en el Hogar de Ancianos tambi\u00e9n se construy\u00f3 un gabinete para la disposici\u00f3n de residuos patol\u00f3gicos; se logr\u00f3 la modificaci\u00f3n de cinco tanques de agua y se renov\u00f3 la instalaci\u00f3n.<\/p>\n\n\n\n<p>Lo siguiente fue la adaptaci\u00f3n y remodelaci\u00f3n del ba\u00f1o de mujeres con discapacidad: nuevo duchador, cer\u00e1micas antideslizantes, luces led, detectores de humo y gas.<\/p>\n\n\n\n<p>Adem\u00e1s, se desarroll\u00f3 la limpieza de paredes exteriores y revoques; y se prepara para pintar todo el hogar en su exterior, en donde tambi\u00e9n se acondicion\u00f3 el patio interno con nuevas luminarias para que los residentes disfruten las noches de verano y los eventos al aire libre. Tambi\u00e9n se renovaron los portones de entrada principal y el port\u00f3n lateral. Asimismo, se hizo el cerramiento lateral del patio interno lindero con el Hogar del Ni\u00f1o \u201cJuan XXIII\u201d.<\/p>\n\n\n\n<p>En el \u00e1rea de lavander\u00eda se realiz\u00f3 la instalaci\u00f3n de nuevos lavarropas y secarropas, y se cambiaron luminarias. En cuanto al personal, el municipio decidi\u00f3 profesionalizar el equipo, incorporando nuevos profesionales y talleristas.<\/p>\n\n\n\n<p>Uno de los logros m\u00e1s importantes se dio en enero de 2018, mes en el que se concret\u00f3 la tan esperada habilitaci\u00f3n por PAMI y en julio del mismo a\u00f1o, se renovaron los calefactores y se acondicionaron los ventiladores. El patio frontal tambi\u00e9n fue acondicionado con la reparquizaci\u00f3n y plantaci\u00f3n de especies sobre la vereda de la calle Te\u00f3filo Rosell, siendo este parte del proyecto de renovaci\u00f3n de los espacios verdes de la instituci\u00f3n.<\/p>\n\n\n\n<p>Hoy en d\u00eda, el Hogar de Ancianos cuenta con 33 residentes y el objetivo de seguir trabajando d\u00eda a d\u00eda para que siga creciendo.<\/p>\n\n\n\n<p>Fuente: Baradero hoy<\/p>\n","protected":false},"excerpt":{"rendered":"<p>En la ma\u00f1ana de viernes, la jefa comunal encabez\u00f3 el acto inaugural de la ampliaci\u00f3n y refacci\u00f3n de la instituci\u00f3n que cambi\u00f3 por completo la calidad de vida de todos los adultos mayores residentes del c\u00e1lido Hogar de Ancianos. La sencilla y emotiva inauguraci\u00f3n tuvo la presencia de autoridades municipales entre ellas, la directora general [&hellip;]<\/p>\n","protected":false},"author":4,"featured_media":61412,"comment_status":"open","ping_status":"closed","sticky":false,"template":"","format":"standard","meta":{"om_disable_all_campaigns":false,"_jetpack_memberships_contains_paid_content":false,"footnotes":""},"categories":[621],"tags":[],"class_list":["post-61411","post","type-post","status-publish","format-standard","has-post-thumbnail","hentry","category-regionales"],"aioseo_notices":[],"gutentor_comment":0,"jetpack_featured_media_url":"https:\/\/eldiariodesanpedro.com.ar\/sitio\/wp-content\/uploads\/2019\/10\/DSC_0169-Copy-640x480.jpg","jetpack_shortlink":"https:\/\/wp.me\/p6RhLt-fYv","jetpack_sharing_enabled":true,"_links":{"self":[{"href":"https:\/\/eldiariodesanpedro.com.ar\/sitio\/wp-json\/wp\/v2\/posts\/61411","targetHints":{"allow":["GET"]}}],"collection":[{"href":"https:\/\/eldiariodesanpedro.com.ar\/sitio\/wp-json\/wp\/v2\/posts"}],"about":[{"href":"https:\/\/eldiariodesanpedro.com.ar\/sitio\/wp-json\/wp\/v2\/types\/post"}],"author":[{"embeddable":true,"href":"https:\/\/eldiariodesanpedro.com.ar\/sitio\/wp-json\/wp\/v2\/users\/4"}],"replies":[{"embeddable":true,"href":"https:\/\/eldiariodesanpedro.com.ar\/sitio\/wp-json\/wp\/v2\/comments?post=61411"}],"version-history":[{"count":1,"href":"https:\/\/eldiariodesanpedro.com.ar\/sitio\/wp-json\/wp\/v2\/posts\/61411\/revisions"}],"predecessor-version":[{"id":61415,"href":"https:\/\/eldiariodesanpedro.com.ar\/sitio\/wp-json\/wp\/v2\/posts\/61411\/revisions\/61415"}],"wp:featuredmedia":[{"embeddable":true,"href":"https:\/\/eldiariodesanpedro.com.ar\/sitio\/wp-json\/wp\/v2\/media\/61412"}],"wp:attachment":[{"href":"https:\/\/eldiariodesanpedro.com.ar\/sitio\/wp-json\/wp\/v2\/media?parent=61411"}],"wp:term":[{"taxonomy":"category","embeddable":true,"href":"https:\/\/eldiariodesanpedro.com.ar\/sitio\/wp-json\/wp\/v2\/categories?post=61411"},{"taxonomy":"post_tag","embeddable":true,"href":"https:\/\/eldiariodesanpedro.com.ar\/sitio\/wp-json\/wp\/v2\/tags?post=61411"}],"curies":[{"name":"wp","href":"https:\/\/api.w.org\/{rel}","templated":true}]}}