{"id":61408,"date":"2019-10-07T09:59:38","date_gmt":"2019-10-07T12:59:38","guid":{"rendered":"https:\/\/eldiariodesanpedro.com.ar\/sitio\/?p=61408"},"modified":"2019-10-07T09:59:42","modified_gmt":"2019-10-07T12:59:42","slug":"ramallo-comienza-a-funcionar-el-jardin-maternal-municipal","status":"publish","type":"post","link":"https:\/\/eldiariodesanpedro.com.ar\/sitio\/ramallo-comienza-a-funcionar-el-jardin-maternal-municipal\/","title":{"rendered":"RAMALLO | Comienza a funcionar el Jard\u00edn Maternal Municipal"},"content":{"rendered":"<!-- VideographyWP Plugin Message: Automatic video embedding prevented by plugin options. -->\n\n<p>Entre el 7 y el 11 de octubre de 8 a 15 horas podr\u00e1 realizarse la inscripci\u00f3n para el Jard\u00edn Maternal Municipal, en la Delegaci\u00f3n de la localidad de P\u00e9rez Mill\u00e1n.<\/p>\n\n\n\n<p>\u201cEl a\u00f1o que viene lo vamos a extender a todo el partido de Ramallo; la idea es que inicialmente podamos contar con uno por localidad y tambi\u00e9n estamos trabajando en un relevamiento de la reservas fiscal para que una vez que podamos completar uno por localidad cada barrio tambi\u00e9n pueda contar con un Jard\u00edn Maternal Municipal, que tambi\u00e9n va a depender de la matr\u00edcula que tenga ese barrio\u201d, sostuvo el intendente Mauro Poletti en conferencia de prensa.<\/p>\n\n\n\n<p>Adem\u00e1s, el jefe comunal dio detalles de la pol\u00edtica educativa de su gesti\u00f3n: \u201ceste jard\u00edn viene a completar  nuestro plan educativo;  vamos a estar inaugurando a principio del a\u00f1o que viene el Centro Universitario Municipal que ya est\u00e1 bastante avanzado, que ser\u00eda el techo de nuestro proyecto; empezamos ahora con los cimientos que es la construcci\u00f3n de los jardines maternales\u201d.<\/p>\n\n\n\n<p>\u201cL\u00f3gicamente que tambi\u00e9n a futuro  vamos a planificar nuestro proyecto educativo a largo plazo,  hay que discutir contenidos, reunirse con todos los actores involucrados en el proceso como para que este proyecto educativo que planteamos a largo plazo cuente con el aporte de todos\u201d, a\u00f1adi\u00f3.<\/p>\n\n\n\n<p>En cuanto a los requisitos para ingresar al jard\u00edn, se deber\u00e1 contar con residencia en el partido de Ramallo, presentar la documentaci\u00f3n del ni\u00f1o, adem\u00e1s de certificado de salud y calendario de vacunaci\u00f3n completo.<\/p>\n\n\n\n<p>\u201cUna vez que se inscriban, hay una serie de requisitos o cuestiones a tener en cuenta a la hora de hacer la selecci\u00f3n. Para ello se va a tener en cuenta la ordenanza, el desarrollo del ni\u00f1o desde su nacimiento hasta que se anot\u00f3 en el jard\u00edn maternal y para eso trabajamos con las distintas instituciones\u201d, explic\u00f3 la subsecretaria de Educaci\u00f3n, Laura Castro.<\/p>\n\n\n\n<p>Fuente: Ramallo Ciudad<\/p>\n","protected":false},"excerpt":{"rendered":"<p>Entre el 7 y el 11 de octubre de 8 a 15 horas podr\u00e1 realizarse la inscripci\u00f3n para el Jard\u00edn Maternal Municipal, en la Delegaci\u00f3n de la localidad de P\u00e9rez Mill\u00e1n. \u201cEl a\u00f1o que viene lo vamos a extender a todo el partido de Ramallo; la idea es que inicialmente podamos contar con uno por [&hellip;]<\/p>\n","protected":false},"author":4,"featured_media":61409,"comment_status":"open","ping_status":"closed","sticky":false,"template":"","format":"standard","meta":{"om_disable_all_campaigns":false,"_jetpack_memberships_contains_paid_content":false,"footnotes":""},"categories":[621],"tags":[],"class_list":["post-61408","post","type-post","status-publish","format-standard","has-post-thumbnail","hentry","category-regionales"],"aioseo_notices":[],"gutentor_comment":0,"jetpack_featured_media_url":"https:\/\/eldiariodesanpedro.com.ar\/sitio\/wp-content\/uploads\/2019\/10\/bbx_872924103_1_jardin_maternal.jpg","jetpack_shortlink":"https:\/\/wp.me\/p6RhLt-fYs","jetpack_sharing_enabled":true,"_links":{"self":[{"href":"https:\/\/eldiariodesanpedro.com.ar\/sitio\/wp-json\/wp\/v2\/posts\/61408","targetHints":{"allow":["GET"]}}],"collection":[{"href":"https:\/\/eldiariodesanpedro.com.ar\/sitio\/wp-json\/wp\/v2\/posts"}],"about":[{"href":"https:\/\/eldiariodesanpedro.com.ar\/sitio\/wp-json\/wp\/v2\/types\/post"}],"author":[{"embeddable":true,"href":"https:\/\/eldiariodesanpedro.com.ar\/sitio\/wp-json\/wp\/v2\/users\/4"}],"replies":[{"embeddable":true,"href":"https:\/\/eldiariodesanpedro.com.ar\/sitio\/wp-json\/wp\/v2\/comments?post=61408"}],"version-history":[{"count":1,"href":"https:\/\/eldiariodesanpedro.com.ar\/sitio\/wp-json\/wp\/v2\/posts\/61408\/revisions"}],"predecessor-version":[{"id":61410,"href":"https:\/\/eldiariodesanpedro.com.ar\/sitio\/wp-json\/wp\/v2\/posts\/61408\/revisions\/61410"}],"wp:featuredmedia":[{"embeddable":true,"href":"https:\/\/eldiariodesanpedro.com.ar\/sitio\/wp-json\/wp\/v2\/media\/61409"}],"wp:attachment":[{"href":"https:\/\/eldiariodesanpedro.com.ar\/sitio\/wp-json\/wp\/v2\/media?parent=61408"}],"wp:term":[{"taxonomy":"category","embeddable":true,"href":"https:\/\/eldiariodesanpedro.com.ar\/sitio\/wp-json\/wp\/v2\/categories?post=61408"},{"taxonomy":"post_tag","embeddable":true,"href":"https:\/\/eldiariodesanpedro.com.ar\/sitio\/wp-json\/wp\/v2\/tags?post=61408"}],"curies":[{"name":"wp","href":"https:\/\/api.w.org\/{rel}","templated":true}]}}