{"id":61405,"date":"2019-10-07T09:57:49","date_gmt":"2019-10-07T12:57:49","guid":{"rendered":"https:\/\/eldiariodesanpedro.com.ar\/sitio\/?p=61405"},"modified":"2019-10-07T09:57:54","modified_gmt":"2019-10-07T12:57:54","slug":"ramallo-cambios-en-la-comisaria-primera","status":"publish","type":"post","link":"https:\/\/eldiariodesanpedro.com.ar\/sitio\/ramallo-cambios-en-la-comisaria-primera\/","title":{"rendered":"RAMALLO | Cambios en la Comisar\u00eda Primera"},"content":{"rendered":"<!-- VideographyWP Plugin Message: Automatic video embedding prevented by plugin options. -->\n\n<p>Este jueves 3 de octubre, el comisario&nbsp;<strong>Juan Cruz Acevedo<\/strong>&nbsp;dej\u00f3 de ser el titular de la Comisar\u00eda de Ramallo, y fue trasladado a la Jefatura Departamental de San Nicol\u00e1s.<\/p>\n\n\n\n<p>Su reemplazante ser\u00e1\u00a0<strong>Juan de Dios Medina<\/strong>, quien ven\u00eda desempe\u00f1\u00e1ndose como subcomisario, pero hasta el momento trascendi\u00f3 que ser\u00e1 de manera interina.<\/p>\n\n\n\n<p>En su perfil de Facebook, Acevedo explic\u00f3 su salida: \u201cciclo cumplido, adi\u00f3s Comisaria Ramallo Primera fue una hermosa experiencia, me ayudo a crecer, a mejorar, y siempre defendiendo valores y principios de vida\u2026 gracias a todos lo que fueron parte del gran equipo\u201d.<\/p>\n\n\n\n<p>Fuente: Ramallo Ciudad<\/p>\n","protected":false},"excerpt":{"rendered":"<p>Este jueves 3 de octubre, el comisario&nbsp;Juan Cruz Acevedo&nbsp;dej\u00f3 de ser el titular de la Comisar\u00eda de Ramallo, y fue trasladado a la Jefatura Departamental de San Nicol\u00e1s. Su reemplazante ser\u00e1\u00a0Juan de Dios Medina, quien ven\u00eda desempe\u00f1\u00e1ndose como subcomisario, pero hasta el momento trascendi\u00f3 que ser\u00e1 de manera interina. En su perfil de Facebook, Acevedo [&hellip;]<\/p>\n","protected":false},"author":4,"featured_media":61406,"comment_status":"open","ping_status":"closed","sticky":false,"template":"","format":"standard","meta":{"om_disable_all_campaigns":false,"_jetpack_memberships_contains_paid_content":false,"footnotes":""},"categories":[621],"tags":[],"class_list":["post-61405","post","type-post","status-publish","format-standard","has-post-thumbnail","hentry","category-regionales"],"aioseo_notices":[],"gutentor_comment":0,"jetpack_featured_media_url":"https:\/\/eldiariodesanpedro.com.ar\/sitio\/wp-content\/uploads\/2019\/10\/bbx_872924103_1_Comisaria_de_Ramallo.jpg","jetpack_shortlink":"https:\/\/wp.me\/p6RhLt-fYp","jetpack_sharing_enabled":true,"_links":{"self":[{"href":"https:\/\/eldiariodesanpedro.com.ar\/sitio\/wp-json\/wp\/v2\/posts\/61405","targetHints":{"allow":["GET"]}}],"collection":[{"href":"https:\/\/eldiariodesanpedro.com.ar\/sitio\/wp-json\/wp\/v2\/posts"}],"about":[{"href":"https:\/\/eldiariodesanpedro.com.ar\/sitio\/wp-json\/wp\/v2\/types\/post"}],"author":[{"embeddable":true,"href":"https:\/\/eldiariodesanpedro.com.ar\/sitio\/wp-json\/wp\/v2\/users\/4"}],"replies":[{"embeddable":true,"href":"https:\/\/eldiariodesanpedro.com.ar\/sitio\/wp-json\/wp\/v2\/comments?post=61405"}],"version-history":[{"count":1,"href":"https:\/\/eldiariodesanpedro.com.ar\/sitio\/wp-json\/wp\/v2\/posts\/61405\/revisions"}],"predecessor-version":[{"id":61407,"href":"https:\/\/eldiariodesanpedro.com.ar\/sitio\/wp-json\/wp\/v2\/posts\/61405\/revisions\/61407"}],"wp:featuredmedia":[{"embeddable":true,"href":"https:\/\/eldiariodesanpedro.com.ar\/sitio\/wp-json\/wp\/v2\/media\/61406"}],"wp:attachment":[{"href":"https:\/\/eldiariodesanpedro.com.ar\/sitio\/wp-json\/wp\/v2\/media?parent=61405"}],"wp:term":[{"taxonomy":"category","embeddable":true,"href":"https:\/\/eldiariodesanpedro.com.ar\/sitio\/wp-json\/wp\/v2\/categories?post=61405"},{"taxonomy":"post_tag","embeddable":true,"href":"https:\/\/eldiariodesanpedro.com.ar\/sitio\/wp-json\/wp\/v2\/tags?post=61405"}],"curies":[{"name":"wp","href":"https:\/\/api.w.org\/{rel}","templated":true}]}}