{"id":61402,"date":"2019-10-07T09:43:09","date_gmt":"2019-10-07T12:43:09","guid":{"rendered":"https:\/\/eldiariodesanpedro.com.ar\/sitio\/?p=61402"},"modified":"2019-10-07T09:43:14","modified_gmt":"2019-10-07T12:43:14","slug":"tcpm-morro-iglesias-se-ubico-quinto-en-la-final","status":"publish","type":"post","link":"https:\/\/eldiariodesanpedro.com.ar\/sitio\/tcpm-morro-iglesias-se-ubico-quinto-en-la-final\/","title":{"rendered":"TCPM: \u00abMorro\u00bb Iglesias se ubic\u00f3 quinto en la final"},"content":{"rendered":"<!-- VideographyWP Plugin Message: Automatic video embedding prevented by plugin options. -->\n\n<p>En el inicio de la Copa de Plata el piloto sampedrino\u00a0volvi\u00f3 a ser protagonista pero no le alcanz\u00f3 para subirse al podio.<br>En el aut\u00f3dromo Centenario de Neuqu\u00e9n\u00a0dio inicio la Copa de Plata del Turismo Carretera Pista Mouras, All\u00ed estuvo presente el piloto sampedrino Fernando \u00abMorro\u00bb Iglesias quien viene teniendo una excelente temporada y muy buenos resultados.<br>Tras superar las series y clasificaci\u00f3n en la final\u00a0del domingo \u00abMorro\u00bb larg\u00f3 en la cuarta ubicaci\u00f3n. El rendimiento del sampedrino fue parejo pero no le alcanz\u00f3 para trepar posiciones para meterse en el podio. De todos modos culmin\u00f3 en una excelente clasificaci\u00f3n que lo depositaron en la sexta ubicaci\u00f3n del campeonato.<\/p>\n\n\n\n<p>Gan\u00f3 Reutemann<br>El piloto de 16 a\u00f1os se impuso en Neuqu\u00e9n, y es claro candidato al t\u00edtulo 2019.<br>El comienzo de la final tuvo a Ian Reutemann (Dodge) y Mat\u00edas Frano (Ford) desde la primera fila. El piloto del Martos Med tom\u00f3 la punta y qued\u00f3 como l\u00edder en la largada. Logr\u00f3 aventajarse, pero al cabo de cuatro vueltas, el representante del Gar\u00f3falo Motorsport acort\u00f3 la distancia y se ubic\u00f3 a menos de un segundo. En tanto, Otto Fritzler, que logr\u00f3 una buena serie el s\u00e1bado, finaliz\u00f3 6\u00b0 en la competencia.<br>Juan Ignacio Maceira (Chevrolet) mantuvo la tercera colocaci\u00f3n hasta el final de la carrera. El piloto del AA Racing se posiciona cuarto en la Copa Coronaci\u00f3n de Plata. Mientras que Nicol\u00e1s Montanari (Dodge), de gran fin de semana, lleg\u00f3 cuarto en la final.<br>Frano intent\u00f3 en las \u00faltimas vueltas, pero no pudo alcanzar al joven santafesino. Se subi\u00f3 al podio tras culminar segundo. Reutemann festej\u00f3 dos victorias consecutivas en la categor\u00eda (La Plata y Neuqu\u00e9n), y se ubic\u00f3 como l\u00edder de la Copa Coronaci\u00f3n del TC Pista Mouras.<br>Marcos Castro Serrano (Ford), ganador de la etapa regular del TC Pista Mouras, avanz\u00f3 de manera notable: parti\u00f3 17\u00b0 y concluy\u00f3 s\u00e9ptimo.<\/p>\n","protected":false},"excerpt":{"rendered":"<p>En el inicio de la Copa de Plata el piloto sampedrino\u00a0volvi\u00f3 a ser protagonista pero no le alcanz\u00f3 para subirse al podio.En el aut\u00f3dromo Centenario de Neuqu\u00e9n\u00a0dio inicio la Copa de Plata del Turismo Carretera Pista Mouras, All\u00ed estuvo presente el piloto sampedrino Fernando \u00abMorro\u00bb Iglesias quien viene teniendo una excelente temporada y muy buenos [&hellip;]<\/p>\n","protected":false},"author":4,"featured_media":61403,"comment_status":"open","ping_status":"closed","sticky":false,"template":"","format":"standard","meta":{"om_disable_all_campaigns":false,"_jetpack_memberships_contains_paid_content":false,"footnotes":""},"categories":[101,2],"tags":[],"class_list":["post-61402","post","type-post","status-publish","format-standard","has-post-thumbnail","hentry","category-interes-general-locales","category-locales"],"aioseo_notices":[],"gutentor_comment":0,"jetpack_featured_media_url":"https:\/\/eldiariodesanpedro.com.ar\/sitio\/wp-content\/uploads\/2019\/10\/000080278.jpg","jetpack_shortlink":"https:\/\/wp.me\/p6RhLt-fYm","jetpack_sharing_enabled":true,"_links":{"self":[{"href":"https:\/\/eldiariodesanpedro.com.ar\/sitio\/wp-json\/wp\/v2\/posts\/61402","targetHints":{"allow":["GET"]}}],"collection":[{"href":"https:\/\/eldiariodesanpedro.com.ar\/sitio\/wp-json\/wp\/v2\/posts"}],"about":[{"href":"https:\/\/eldiariodesanpedro.com.ar\/sitio\/wp-json\/wp\/v2\/types\/post"}],"author":[{"embeddable":true,"href":"https:\/\/eldiariodesanpedro.com.ar\/sitio\/wp-json\/wp\/v2\/users\/4"}],"replies":[{"embeddable":true,"href":"https:\/\/eldiariodesanpedro.com.ar\/sitio\/wp-json\/wp\/v2\/comments?post=61402"}],"version-history":[{"count":1,"href":"https:\/\/eldiariodesanpedro.com.ar\/sitio\/wp-json\/wp\/v2\/posts\/61402\/revisions"}],"predecessor-version":[{"id":61404,"href":"https:\/\/eldiariodesanpedro.com.ar\/sitio\/wp-json\/wp\/v2\/posts\/61402\/revisions\/61404"}],"wp:featuredmedia":[{"embeddable":true,"href":"https:\/\/eldiariodesanpedro.com.ar\/sitio\/wp-json\/wp\/v2\/media\/61403"}],"wp:attachment":[{"href":"https:\/\/eldiariodesanpedro.com.ar\/sitio\/wp-json\/wp\/v2\/media?parent=61402"}],"wp:term":[{"taxonomy":"category","embeddable":true,"href":"https:\/\/eldiariodesanpedro.com.ar\/sitio\/wp-json\/wp\/v2\/categories?post=61402"},{"taxonomy":"post_tag","embeddable":true,"href":"https:\/\/eldiariodesanpedro.com.ar\/sitio\/wp-json\/wp\/v2\/tags?post=61402"}],"curies":[{"name":"wp","href":"https:\/\/api.w.org\/{rel}","templated":true}]}}