{"id":61398,"date":"2019-10-07T09:41:06","date_gmt":"2019-10-07T12:41:06","guid":{"rendered":"https:\/\/eldiariodesanpedro.com.ar\/sitio\/?p=61398"},"modified":"2019-10-07T09:41:10","modified_gmt":"2019-10-07T12:41:10","slug":"bomberos-la-familia-oliveros-entrego-una-imagen-unica-e-historica-para-la-institucion","status":"publish","type":"post","link":"https:\/\/eldiariodesanpedro.com.ar\/sitio\/bomberos-la-familia-oliveros-entrego-una-imagen-unica-e-historica-para-la-institucion\/","title":{"rendered":"Bomberos: La familia Oliveros entreg\u00f3 una imagen \u00fanica e hist\u00f3rica para la instituci\u00f3n"},"content":{"rendered":"<!-- VideographyWP Plugin Message: Automatic video embedding prevented by plugin options. -->\n\n<p> Las autoridades de la entidad recibieron un recuerdo de un alto valor afectivo\u00a0para lo que fue la conformaci\u00f3n de Bomberos como instituci\u00f3n. <\/p>\n\n\n\n<p>Durante la ma\u00f1ana del s\u00e1bado y mediante una sencilla reuni\u00f3n\u00a0pero cargada\u00a0de emoci\u00f3n que se desarroll\u00f3 en las puertas del cuartel central, la familia Oliveros, nietos y bisnietos de Don Alberto Oliveros, integrante de la primera dotaci\u00f3n de Bomberos de San Pedro, en los a\u00f1os 1959, encabezaron uno de los actos m\u00e1s sentidos que ha vivido la instituci\u00f3n en los \u00faltimos a\u00f1os.\u00a0<\/p>\n\n\n\n<p>En la ceremonia, la citada&nbsp;familia, entreg\u00f3 a la instituci\u00f3n una imagen \u00fanica e hist\u00f3rica de una formaci\u00f3n de bomberos voluntarios de la \u00e9poca, con la unidad N\u00b0 2 sin carrozar como autobomba y buscando recaudar&nbsp;fondos para tal fin.<\/p>\n\n\n\n<p>Su nieta Estela cont\u00f3 la historia en la cual bomberos siempre fue parte del seno familiar.&nbsp;Las palabras de bienvenida estuvieron a cargo del jefe de cuerpo Comandante Mayor Silvio Torrens, el agradecimiento fue por parte del Sr Presidente del Consejo Directivo Mauro Rasio.<\/p>\n\n\n\n<p>Luego de la entrega de la foto hist\u00f3rica y las palabras de los protagonistas, hubo un brindis en el casino del cuartel y posteriormente la familia Oliveros realiz\u00f3 una visita guiada por todas las instalaciones de la instituci\u00f3n.<\/p>\n\n\n\n<p>Fuente: San Pedro Informa<\/p>\n\n\n\n<figure class=\"wp-block-image\"><img decoding=\"async\" width=\"1024\" height=\"768\" data-attachment-id=\"61399\" data-permalink=\"https:\/\/eldiariodesanpedro.com.ar\/sitio\/bomberos-la-familia-oliveros-entrego-una-imagen-unica-e-historica-para-la-institucion\/attachment\/000080254\/\" data-orig-file=\"https:\/\/eldiariodesanpedro.com.ar\/sitio\/wp-content\/uploads\/2019\/10\/000080254.jpg\" data-orig-size=\"1024,768\" data-comments-opened=\"1\" data-image-meta=\"{&quot;aperture&quot;:&quot;0&quot;,&quot;credit&quot;:&quot;&quot;,&quot;camera&quot;:&quot;&quot;,&quot;caption&quot;:&quot;&quot;,&quot;created_timestamp&quot;:&quot;0&quot;,&quot;copyright&quot;:&quot;&quot;,&quot;focal_length&quot;:&quot;0&quot;,&quot;iso&quot;:&quot;0&quot;,&quot;shutter_speed&quot;:&quot;0&quot;,&quot;title&quot;:&quot;&quot;,&quot;orientation&quot;:&quot;0&quot;}\" data-image-title=\"000080254\" data-image-description=\"\" data-image-caption=\"\" data-large-file=\"https:\/\/eldiariodesanpedro.com.ar\/sitio\/wp-content\/uploads\/2019\/10\/000080254-1024x768.jpg\" data-src=\"https:\/\/eldiariodesanpedro.com.ar\/sitio\/wp-content\/uploads\/2019\/10\/000080254-1024x768.jpg\" alt=\"\" class=\"wp-image-61399 lazyload\" data-srcset=\"https:\/\/eldiariodesanpedro.com.ar\/sitio\/wp-content\/uploads\/2019\/10\/000080254.jpg 1024w, https:\/\/eldiariodesanpedro.com.ar\/sitio\/wp-content\/uploads\/2019\/10\/000080254-300x225.jpg 300w, https:\/\/eldiariodesanpedro.com.ar\/sitio\/wp-content\/uploads\/2019\/10\/000080254-768x576.jpg 768w\" data-sizes=\"(max-width: 1024px) 100vw, 1024px\" src=\"data:image\/svg+xml;base64,PHN2ZyB3aWR0aD0iMSIgaGVpZ2h0PSIxIiB4bWxucz0iaHR0cDovL3d3dy53My5vcmcvMjAwMC9zdmciPjwvc3ZnPg==\" style=\"--smush-placeholder-width: 1024px; --smush-placeholder-aspect-ratio: 1024\/768;\" \/><\/figure>\n","protected":false},"excerpt":{"rendered":"<p>Las autoridades de la entidad recibieron un recuerdo de un alto valor afectivo\u00a0para lo que fue la conformaci\u00f3n de Bomberos como instituci\u00f3n. Durante la ma\u00f1ana del s\u00e1bado y mediante una sencilla reuni\u00f3n\u00a0pero cargada\u00a0de emoci\u00f3n que se desarroll\u00f3 en las puertas del cuartel central, la familia Oliveros, nietos y bisnietos de Don Alberto Oliveros, integrante de [&hellip;]<\/p>\n","protected":false},"author":4,"featured_media":61400,"comment_status":"open","ping_status":"closed","sticky":false,"template":"","format":"standard","meta":{"om_disable_all_campaigns":false,"_jetpack_memberships_contains_paid_content":false,"footnotes":""},"categories":[101,2],"tags":[],"class_list":["post-61398","post","type-post","status-publish","format-standard","has-post-thumbnail","hentry","category-interes-general-locales","category-locales"],"aioseo_notices":[],"gutentor_comment":0,"jetpack_featured_media_url":"https:\/\/eldiariodesanpedro.com.ar\/sitio\/wp-content\/uploads\/2019\/10\/000080246.jpg","jetpack_shortlink":"https:\/\/wp.me\/p6RhLt-fYi","jetpack_sharing_enabled":true,"_links":{"self":[{"href":"https:\/\/eldiariodesanpedro.com.ar\/sitio\/wp-json\/wp\/v2\/posts\/61398","targetHints":{"allow":["GET"]}}],"collection":[{"href":"https:\/\/eldiariodesanpedro.com.ar\/sitio\/wp-json\/wp\/v2\/posts"}],"about":[{"href":"https:\/\/eldiariodesanpedro.com.ar\/sitio\/wp-json\/wp\/v2\/types\/post"}],"author":[{"embeddable":true,"href":"https:\/\/eldiariodesanpedro.com.ar\/sitio\/wp-json\/wp\/v2\/users\/4"}],"replies":[{"embeddable":true,"href":"https:\/\/eldiariodesanpedro.com.ar\/sitio\/wp-json\/wp\/v2\/comments?post=61398"}],"version-history":[{"count":1,"href":"https:\/\/eldiariodesanpedro.com.ar\/sitio\/wp-json\/wp\/v2\/posts\/61398\/revisions"}],"predecessor-version":[{"id":61401,"href":"https:\/\/eldiariodesanpedro.com.ar\/sitio\/wp-json\/wp\/v2\/posts\/61398\/revisions\/61401"}],"wp:featuredmedia":[{"embeddable":true,"href":"https:\/\/eldiariodesanpedro.com.ar\/sitio\/wp-json\/wp\/v2\/media\/61400"}],"wp:attachment":[{"href":"https:\/\/eldiariodesanpedro.com.ar\/sitio\/wp-json\/wp\/v2\/media?parent=61398"}],"wp:term":[{"taxonomy":"category","embeddable":true,"href":"https:\/\/eldiariodesanpedro.com.ar\/sitio\/wp-json\/wp\/v2\/categories?post=61398"},{"taxonomy":"post_tag","embeddable":true,"href":"https:\/\/eldiariodesanpedro.com.ar\/sitio\/wp-json\/wp\/v2\/tags?post=61398"}],"curies":[{"name":"wp","href":"https:\/\/api.w.org\/{rel}","templated":true}]}}