{"id":61396,"date":"2019-10-07T10:09:39","date_gmt":"2019-10-07T13:09:39","guid":{"rendered":"https:\/\/eldiariodesanpedro.com.ar\/sitio\/?p=61396"},"modified":"2019-10-07T10:09:43","modified_gmt":"2019-10-07T13:09:43","slug":"educacion-y-salud-respondieron-a-los-dichos-de-la-candidata-por-el-frente-de-todos-ester-noat","status":"publish","type":"post","link":"https:\/\/eldiariodesanpedro.com.ar\/sitio\/educacion-y-salud-respondieron-a-los-dichos-de-la-candidata-por-el-frente-de-todos-ester-noat\/","title":{"rendered":"Educaci\u00f3n y Salud respondieron a los dichos de la candidata por el Frente de Todos, Ester Noat"},"content":{"rendered":"<!-- VideographyWP Plugin Message: Automatic video embedding prevented by plugin options. -->\n\n<p>Este sabado por la ma\u00f1ana, la candidata a intendenta por el Frente de Todos, Ester Noat, dialogo en una nota exclusiva a un medio radial, \u00abSin Galera\u00bb, donde brindo detalles de su campa\u00f1a y cuestiono el funcionamiento de la salud publica en nuestra ciudad y de inaugurar cascaras con respecto a la educaci\u00f3n. Liloff y Sancho respondieron con tacos de punta.<\/p>\n\n\n\n<p>Luego de ser entrevistada por casi una hora, donde la candidata hablo de todo de su campa\u00f1a, en su relato destac\u00f3 el mal funcionamiento de la salud p\u00fablica en nuestra ciudad y de la educaci\u00f3n, sobre todo resalto que, \u00abac\u00e1 se inauguran las cascaras nada m\u00e1s, cuanto hace que vino el ministro, todav\u00eda los chicos no comenzaron las clases\u00bb, refiri\u00e9ndose a la escuela nueva secundaria N\u00ba13.<\/p>\n\n\n\n<p>Enumerar una serie de falencias provoco el enojo del Secretario de Salud, Guillermo Sancho y el Presidente del Consejo Escolar, Gustavo Liloff, quienes no tardaron en responder posteando en su red social un largo descargo y tratando de \u00abmentirosa\u00bb a la candidata.<\/p>\n\n\n\n<p>Gustavo Liloff respondi\u00f3 hasta con fotos:<\/p>\n\n\n\n<p>\u00abRealmente siempre trato de no entablar debates vac\u00edos, y de respetar la palabra del otro quien como otro dice algo. Pero hoy escucho a una de las candidatas de nuestro distrito afirmar que la inauguraci\u00f3n y concurrencia de los estudiantes a la Escuela de Educaci\u00f3n Secundaria N\u00b0 13, solo fue una fachada para su inauguraci\u00f3n, afirmando adem\u00e1s que dicha escuela no cuenta con el mobiliario.<br>Por lo cual me permito llamarla a la reflexi\u00f3n e invitarla a que conozca la realidad de su&nbsp;distrito que evidentemente no lo recorre. De esta manera le falta el respeto a todos aquellos estudiantes, docentes, auxiliares y directivos que hoy construyen su identidad dentro del NUEVO EDIFICIO DE LA ESCUELA DE EDUCACI\u00d3N SECUNDARIA N\u00b0 13.<br>No solo es un hecho f\u00e1ctico y comprobable sino que le recuerdo que fue uno de los 637 establecimientos que desde la gesti\u00f3n que Ud. integr\u00f3 nunca se hab\u00edan concluido.<br>Por favor, antes de emitir tremendas falacias recorra San Pedro, o al menos levante el tel\u00e9fono y pregunte!!!!! \u00ab<\/p>\n\n\n\n<iframe data-src=\"https:\/\/www.facebook.com\/plugins\/post.php?href=https%3A%2F%2Fwww.facebook.com%2Fgustavo.liloff%2Fposts%2F2575387835876121&#038;width=500\" width=\"500\" height=\"782\" style=\"border:none;overflow:hidden\" scrolling=\"no\" frameborder=\"0\" allowTransparency=\"true\" allow=\"encrypted-media\" src=\"data:image\/svg+xml;base64,PHN2ZyB3aWR0aD0iMSIgaGVpZ2h0PSIxIiB4bWxucz0iaHR0cDovL3d3dy53My5vcmcvMjAwMC9zdmciPjwvc3ZnPg==\" class=\"lazyload\" data-load-mode=\"1\"><\/iframe>\n\n\n\n<p>El Secretario de Salud, Guillermo Sancho, respondi\u00f3 detallando todo lo que se hizo hasta el momento en su gesti\u00f3n en el nosocomio local y centros de salud:<\/p>\n\n\n\n<p>\u00abHoy escuch\u00e9 una nota que brind\u00f3 la Sra Ester Noat a un medio peri\u00f3distico, me asombra enormemente el nivel de desconocimiento profundo o desorientaci\u00f3n que ten\u00eda en sus conceptos hacia salud esta candidata a intendente , digo esto porque no creo que sea una persona c\u00ednica ( aunque realmente la actitud que escuche de esta persona fue esa).<br>Mentir descaradamente en salud termina perjudicando sobre todo a las vecinos. Los que son habitules consumidores del servicio de salud p\u00fablica saben reconocer las debilidades y fortalezas del sistema, los que no, opinan libremente o se dejan llevar por comentarios. La salud en San Pedro avanz\u00f3 enormemente en poco tiempo y a pesar de que falta, mentirnos nos hace mucho mal porque no permite reconocer d\u00f3nde estamos parados y esto es fundamental para mejorar lo que est\u00e1 mal pero tambi\u00e9n para no perder lo mucho que se hizo bien.<\/p>\n\n\n\n<p>Tener pol\u00edticos que no conocen la realidad y que tambi\u00e9n desconocen los procesos administrativos b\u00e1sicos hace que surjan este tipo de notas donde se refleja el poco compromiso que (en este caso salud) tuvieron a lo largo de los a\u00f1os con San Pedro y adem\u00e1s lo p\u00e9simo que est\u00e1n asesorados.<\/p>\n\n\n\n<p>Minimizar el trabajo de infraestructura que se realiz\u00f3 a un trabajo de pintura, es una de las cosas que m\u00e1s llama la atenci\u00f3n. No saben, desconocen, que en este tema el cambio fue m\u00e1s fuerte, trabajamos en la infraestructura general cosa que no se hac\u00eda desde hace 40 a\u00f1os, cambiando y haciendo a nuevo instalaciones de agua y gas, instalaciones el\u00e9ctricas, paredes, pisos, ampliamos o mejoramos y dimos nuevos servicios en todos los centros de salud y en los 3 hospitales, ( instalaci\u00f3n nueva de gas en el hospital de San Pedro y ahora Santa Lucia, sala de internaci\u00f3n de pediatr\u00eda, shock room, servicio de salud mental, arreglos en la guardia general y guardia pediatria, arreglos de techos y cielorraso, arreglos en el quir\u00f3fano, adem\u00e1s incorporamos aparotolog\u00eda, torre de videolaparoscopia, mesa quir\u00fargica fluoroscopica, sill\u00f3n de partos, mesa de anestesia, ventiladores mec\u00e1nicos &#8230;), digitalizaci\u00f3n del sistema, ambulancias nuevas totalmente equipadas, entre muchas cosas m\u00e1s, lo pudimos hacer viniendo de un sistema de salud totalmente devastado donde faltaban las cosas b\u00e1sicas y elementales. Adem\u00e1s, una gran cantidad de estas obras las realizamos con recursos propios , comprometiendo a todo el sistema de salud a tomar debido registro de las prestaciones que se realizan lo que llevo a aumentar la facturacion por obras sociales un 2.500% e implementar el plan sumar ( antes no se hac\u00eda).<\/p>\n\n\n\n<p>En estos casi 4 a\u00f1os todos los indicadores de salud mejoraron, incluso los de inmunizaciones a los que siempre hacen referencia demostrando una vez m\u00e1s el desconocimiento del que se habla cuando hablan de salud.<\/p>\n\n\n\n<p>Poder resolver conflictos gremiales de a\u00f1os y ajustar y efectivizar el cumplimiento de la carga horaria nos permiti\u00f3 por un lado no contar con paros (que eran muy habituales) y por otro aumentar el horario de atenci\u00f3n en los Caps, aumento del n\u00famero de consultorios en los hospitales, aumento de n\u00famero de medicos en las guardias (la de pediatr\u00eda \u00fanica en San Pedro).<\/p>\n\n\n\n<p>Durante esta gesti\u00f3n se empezaron a desarrollar las primeras campa\u00f1as Municipales de: Detecci\u00f3n de Cancer colorrectal, Cancer de Cuello Uterino (campa\u00f1a Pap), campa\u00f1a detecci\u00f3n cancer de Prostata, Campa\u00f1a de sesaci\u00f3n tab\u00e1quica, campa\u00f1a de Glaucoma, campa\u00f1a detecci\u00f3n de cancer de Mama, charlas en todos las escuelas secundarias sobre alcohol en adolescencia y salud sexual y reproductiva en adolescencia, programa creando conciencia para pacientes diab\u00e9ticos, programa para celiaquia, , Campa\u00f1a abierta a la sociedad&nbsp;<a href=\"https:\/\/www.facebook.com\/hashtag\/usalosiempre?source=feed_text&amp;epa=HASHTAG\">#USALOSIEMPRE<\/a>&nbsp;consejer\u00eda y entrega de preservativos gratuitos, consultorio para mam\u00e1 y embarazo adolescente, campa\u00f1a de salud en zona de islas con distintos especialistas, campa\u00f1a de Salud Visual y entrega de anteojos en San Pedro y localidades llevando entregados 1.200 anteojos y mas de 2.000 consultas. Apertura de los primeros consultorios Interculturales de la Provincia de Bs. As., Control de Salud a todos los alumnos de primaria y secundaria del partido.<\/p>\n\n\n\n<p>P\u00e1rrafo aparte merece el servicio SAME de excelente calidad, servicio que comenz\u00f3 en esta gesti\u00f3n y podemos decir que contamos entre los servicios m\u00e1s r\u00e1pidos de la provincia de Bs As. a la hora de emergencias y urgencias.<\/p>\n\n\n\n<p>En los \u00faltimos a\u00f1os nacieron en el hospital de San Pedro aproximadamente 1200 beb\u00e9s por a\u00f1o, tenemos m\u00e1s de 400 derivaciones por a\u00f1o a hospitales de alta complejidad, tenemos combi de traslado que 4 veces por semana viaja a la plata y CABA para turnos de pacientes ambulatorios ( alrededor de 3.500 personas viajan todos los a\u00f1os), tenemos asegurada la medicaci\u00f3n para pacientes con patolog\u00eda cr\u00f3nica y para aquellos que no tienen obra social, todo esto es gracias al trabajo de mucha gente por favor tome conocimiento y no menosprecie su trabajo.<\/p>\n\n\n\n<p>Hago este peque\u00f1o listado con algunas cosas, las dem\u00e1s investiguelas, me hubiese gustado realmente mucho que hubiese defendido la salud de los sampedrinos cuando el hospital estaba parado en la gesti\u00f3n anterior y no se atend\u00eda ni en las guardias&#8230; nos parece a todos los que trabajamos en salud p\u00fablica que el debate tiene que ser serio y no slogans de campa\u00f1a ni referencia a lugares comunes que no suman en nada al mejoramiento de la salud de la poblaci\u00f3n.<\/p>\n\n\n\n<p>Por \u00faltimo quiero recalcar, que en salud no hace falta ser amigo de nadie y los conceptos vertidos que hay diferentes atenciones si sos o no sos conocido de tal o cual adem\u00e1s de ser falaces son mal intencionados ya que predisponen a la poblaci\u00f3n de mala manera, recuerdo que mi n\u00famero de celular es 11 66152468 y la direcci\u00f3n de la secretaria de salud es MITRE 373, siempre tendremos una respuesta para todos los vecinos del partido.<\/p>\n\n\n\n<p>Saludos\u00bb.<\/p>\n\n\n\n<iframe data-src=\"https:\/\/www.facebook.com\/plugins\/post.php?href=https%3A%2F%2Fwww.facebook.com%2Fpermalink.php%3Fstory_fbid%3D869222520138229%26id%3D100011514664254&#038;width=500\" width=\"500\" height=\"292\" style=\"border:none;overflow:hidden\" scrolling=\"no\" frameborder=\"0\" allowTransparency=\"true\" allow=\"encrypted-media\" src=\"data:image\/svg+xml;base64,PHN2ZyB3aWR0aD0iMSIgaGVpZ2h0PSIxIiB4bWxucz0iaHR0cDovL3d3dy53My5vcmcvMjAwMC9zdmciPjwvc3ZnPg==\" class=\"lazyload\" data-load-mode=\"1\"><\/iframe>\n","protected":false},"excerpt":{"rendered":"<p>Este sabado por la ma\u00f1ana, la candidata a intendenta por el Frente de Todos, Ester Noat, dialogo en una nota exclusiva a un medio radial, \u00abSin Galera\u00bb, donde brindo detalles de su campa\u00f1a y cuestiono el funcionamiento de la salud publica en nuestra ciudad y de inaugurar cascaras con respecto a la educaci\u00f3n. Liloff y [&hellip;]<\/p>\n","protected":false},"author":4,"featured_media":61416,"comment_status":"open","ping_status":"closed","sticky":false,"template":"","format":"standard","meta":{"om_disable_all_campaigns":false,"_jetpack_memberships_contains_paid_content":false,"footnotes":""},"categories":[50,101,2],"tags":[],"class_list":["post-61396","post","type-post","status-publish","format-standard","has-post-thumbnail","hentry","category-destacadas","category-interes-general-locales","category-locales"],"aioseo_notices":[],"gutentor_comment":0,"jetpack_featured_media_url":"https:\/\/eldiariodesanpedro.com.ar\/sitio\/wp-content\/uploads\/2019\/10\/liloff.png","jetpack_shortlink":"https:\/\/wp.me\/p6RhLt-fYg","jetpack_sharing_enabled":true,"_links":{"self":[{"href":"https:\/\/eldiariodesanpedro.com.ar\/sitio\/wp-json\/wp\/v2\/posts\/61396","targetHints":{"allow":["GET"]}}],"collection":[{"href":"https:\/\/eldiariodesanpedro.com.ar\/sitio\/wp-json\/wp\/v2\/posts"}],"about":[{"href":"https:\/\/eldiariodesanpedro.com.ar\/sitio\/wp-json\/wp\/v2\/types\/post"}],"author":[{"embeddable":true,"href":"https:\/\/eldiariodesanpedro.com.ar\/sitio\/wp-json\/wp\/v2\/users\/4"}],"replies":[{"embeddable":true,"href":"https:\/\/eldiariodesanpedro.com.ar\/sitio\/wp-json\/wp\/v2\/comments?post=61396"}],"version-history":[{"count":2,"href":"https:\/\/eldiariodesanpedro.com.ar\/sitio\/wp-json\/wp\/v2\/posts\/61396\/revisions"}],"predecessor-version":[{"id":61420,"href":"https:\/\/eldiariodesanpedro.com.ar\/sitio\/wp-json\/wp\/v2\/posts\/61396\/revisions\/61420"}],"wp:featuredmedia":[{"embeddable":true,"href":"https:\/\/eldiariodesanpedro.com.ar\/sitio\/wp-json\/wp\/v2\/media\/61416"}],"wp:attachment":[{"href":"https:\/\/eldiariodesanpedro.com.ar\/sitio\/wp-json\/wp\/v2\/media?parent=61396"}],"wp:term":[{"taxonomy":"category","embeddable":true,"href":"https:\/\/eldiariodesanpedro.com.ar\/sitio\/wp-json\/wp\/v2\/categories?post=61396"},{"taxonomy":"post_tag","embeddable":true,"href":"https:\/\/eldiariodesanpedro.com.ar\/sitio\/wp-json\/wp\/v2\/tags?post=61396"}],"curies":[{"name":"wp","href":"https:\/\/api.w.org\/{rel}","templated":true}]}}