{"id":61373,"date":"2019-10-06T19:24:49","date_gmt":"2019-10-06T22:24:49","guid":{"rendered":"https:\/\/eldiariodesanpedro.com.ar\/sitio\/?p=61373"},"modified":"2019-10-06T19:24:53","modified_gmt":"2019-10-06T22:24:53","slug":"denuncian-un-robo-en-un-vivero","status":"publish","type":"post","link":"https:\/\/eldiariodesanpedro.com.ar\/sitio\/denuncian-un-robo-en-un-vivero\/","title":{"rendered":"Denuncian un robo en un vivero"},"content":{"rendered":"<!-- VideographyWP Plugin Message: Automatic video embedding prevented by plugin options. -->\n\n<p>Este s\u00e1bado se recibi\u00f3 la denuncia en la comisar\u00eda local por parte de un vecino de la ciudad  quien declar\u00f3 que el mismo d\u00eda por la tarde constata que ignorados, tras cortar cerco perimetral de vivero ubicado en Noseda al 1100, le sustrajeron una cantidad importante de plantines de grateu. <\/p>\n","protected":false},"excerpt":{"rendered":"<p>Este s\u00e1bado se recibi\u00f3 la denuncia en la comisar\u00eda local por parte de un vecino de la ciudad quien declar\u00f3 que el mismo d\u00eda por la tarde constata que ignorados, tras cortar cerco perimetral de vivero ubicado en Noseda al 1100, le sustrajeron una cantidad importante de plantines de grateu.<\/p>\n","protected":false},"author":4,"featured_media":45394,"comment_status":"open","ping_status":"closed","sticky":false,"template":"","format":"standard","meta":{"om_disable_all_campaigns":false,"_jetpack_memberships_contains_paid_content":false,"footnotes":""},"categories":[2,103],"tags":[],"class_list":["post-61373","post","type-post","status-publish","format-standard","has-post-thumbnail","hentry","category-locales","category-policiales-locales"],"aioseo_notices":[],"gutentor_comment":0,"jetpack_featured_media_url":"https:\/\/eldiariodesanpedro.com.ar\/sitio\/wp-content\/uploads\/2019\/01\/comisaria.jpg","jetpack_shortlink":"https:\/\/wp.me\/p6RhLt-fXT","jetpack_sharing_enabled":true,"_links":{"self":[{"href":"https:\/\/eldiariodesanpedro.com.ar\/sitio\/wp-json\/wp\/v2\/posts\/61373","targetHints":{"allow":["GET"]}}],"collection":[{"href":"https:\/\/eldiariodesanpedro.com.ar\/sitio\/wp-json\/wp\/v2\/posts"}],"about":[{"href":"https:\/\/eldiariodesanpedro.com.ar\/sitio\/wp-json\/wp\/v2\/types\/post"}],"author":[{"embeddable":true,"href":"https:\/\/eldiariodesanpedro.com.ar\/sitio\/wp-json\/wp\/v2\/users\/4"}],"replies":[{"embeddable":true,"href":"https:\/\/eldiariodesanpedro.com.ar\/sitio\/wp-json\/wp\/v2\/comments?post=61373"}],"version-history":[{"count":1,"href":"https:\/\/eldiariodesanpedro.com.ar\/sitio\/wp-json\/wp\/v2\/posts\/61373\/revisions"}],"predecessor-version":[{"id":61374,"href":"https:\/\/eldiariodesanpedro.com.ar\/sitio\/wp-json\/wp\/v2\/posts\/61373\/revisions\/61374"}],"wp:featuredmedia":[{"embeddable":true,"href":"https:\/\/eldiariodesanpedro.com.ar\/sitio\/wp-json\/wp\/v2\/media\/45394"}],"wp:attachment":[{"href":"https:\/\/eldiariodesanpedro.com.ar\/sitio\/wp-json\/wp\/v2\/media?parent=61373"}],"wp:term":[{"taxonomy":"category","embeddable":true,"href":"https:\/\/eldiariodesanpedro.com.ar\/sitio\/wp-json\/wp\/v2\/categories?post=61373"},{"taxonomy":"post_tag","embeddable":true,"href":"https:\/\/eldiariodesanpedro.com.ar\/sitio\/wp-json\/wp\/v2\/tags?post=61373"}],"curies":[{"name":"wp","href":"https:\/\/api.w.org\/{rel}","templated":true}]}}