{"id":61371,"date":"2019-10-06T19:23:28","date_gmt":"2019-10-06T22:23:28","guid":{"rendered":"https:\/\/eldiariodesanpedro.com.ar\/sitio\/?p=61371"},"modified":"2019-10-06T19:23:32","modified_gmt":"2019-10-06T22:23:32","slug":"durante-este-fin-de-semana-se-registraron-tres-accidentes-de-transito","status":"publish","type":"post","link":"https:\/\/eldiariodesanpedro.com.ar\/sitio\/durante-este-fin-de-semana-se-registraron-tres-accidentes-de-transito\/","title":{"rendered":"Durante este fin de semana se registraron tres accidentes de tr\u00e1nsito"},"content":{"rendered":"<!-- VideographyWP Plugin Message: Automatic video embedding prevented by plugin options. -->\n\n<p>Este s\u00e1bado en la intersecci\u00f3n de las calles Camelino y G\u00fcemes de R\u00edo Tala, se produce colisi\u00f3n entre motocicleta en la que circulaban una pareja ambos mayores de edad, y pick up Vw Amarok, guiado por masculino mayor de edad. Como consecuencia impacto los que iban en rodado menor resultaron lesionados trasladados hospital local. <\/p>\n\n\n\n<p>  Tambi\u00e9n el mismo dia que el anterior en Almafuerte y Juan B. Justo, por causas que se desconocen, se produce accidente de tr\u00e1nsito entre motocicleta guiada por femenina mayor y autom\u00f3vil. Consecuencia quien iba en el rodado menor result\u00f3 con lesiones trasladada hospital local.<\/p>\n\n\n\n<p> Adem\u00e1s el s\u00e1bado sobre la Av. 3 de Febrero y Dipietri, se produce colisi\u00f3n entre motocicleta guiada por femenina mayor de edad con autom\u00f3vil que se da a la fuga.sufriendo lesiones leves. <\/p>\n","protected":false},"excerpt":{"rendered":"<p>Este s\u00e1bado en la intersecci\u00f3n de las calles Camelino y G\u00fcemes de R\u00edo Tala, se produce colisi\u00f3n entre motocicleta en la que circulaban una pareja ambos mayores de edad, y pick up Vw Amarok, guiado por masculino mayor de edad. Como consecuencia impacto los que iban en rodado menor resultaron lesionados trasladados hospital local. Tambi\u00e9n [&hellip;]<\/p>\n","protected":false},"author":4,"featured_media":60953,"comment_status":"open","ping_status":"closed","sticky":false,"template":"","format":"standard","meta":{"om_disable_all_campaigns":false,"_jetpack_memberships_contains_paid_content":false,"footnotes":""},"categories":[2,103],"tags":[],"class_list":["post-61371","post","type-post","status-publish","format-standard","has-post-thumbnail","hentry","category-locales","category-policiales-locales"],"aioseo_notices":[],"gutentor_comment":0,"jetpack_featured_media_url":"https:\/\/eldiariodesanpedro.com.ar\/sitio\/wp-content\/uploads\/2019\/09\/img000000188.jpg","jetpack_shortlink":"https:\/\/wp.me\/p6RhLt-fXR","jetpack_sharing_enabled":true,"_links":{"self":[{"href":"https:\/\/eldiariodesanpedro.com.ar\/sitio\/wp-json\/wp\/v2\/posts\/61371","targetHints":{"allow":["GET"]}}],"collection":[{"href":"https:\/\/eldiariodesanpedro.com.ar\/sitio\/wp-json\/wp\/v2\/posts"}],"about":[{"href":"https:\/\/eldiariodesanpedro.com.ar\/sitio\/wp-json\/wp\/v2\/types\/post"}],"author":[{"embeddable":true,"href":"https:\/\/eldiariodesanpedro.com.ar\/sitio\/wp-json\/wp\/v2\/users\/4"}],"replies":[{"embeddable":true,"href":"https:\/\/eldiariodesanpedro.com.ar\/sitio\/wp-json\/wp\/v2\/comments?post=61371"}],"version-history":[{"count":1,"href":"https:\/\/eldiariodesanpedro.com.ar\/sitio\/wp-json\/wp\/v2\/posts\/61371\/revisions"}],"predecessor-version":[{"id":61372,"href":"https:\/\/eldiariodesanpedro.com.ar\/sitio\/wp-json\/wp\/v2\/posts\/61371\/revisions\/61372"}],"wp:featuredmedia":[{"embeddable":true,"href":"https:\/\/eldiariodesanpedro.com.ar\/sitio\/wp-json\/wp\/v2\/media\/60953"}],"wp:attachment":[{"href":"https:\/\/eldiariodesanpedro.com.ar\/sitio\/wp-json\/wp\/v2\/media?parent=61371"}],"wp:term":[{"taxonomy":"category","embeddable":true,"href":"https:\/\/eldiariodesanpedro.com.ar\/sitio\/wp-json\/wp\/v2\/categories?post=61371"},{"taxonomy":"post_tag","embeddable":true,"href":"https:\/\/eldiariodesanpedro.com.ar\/sitio\/wp-json\/wp\/v2\/tags?post=61371"}],"curies":[{"name":"wp","href":"https:\/\/api.w.org\/{rel}","templated":true}]}}