{"id":61368,"date":"2019-10-06T19:21:47","date_gmt":"2019-10-06T22:21:47","guid":{"rendered":"https:\/\/eldiariodesanpedro.com.ar\/sitio\/?p=61368"},"modified":"2019-10-06T19:21:48","modified_gmt":"2019-10-06T22:21:48","slug":"clausuran-el-boliche-club-zero","status":"publish","type":"post","link":"https:\/\/eldiariodesanpedro.com.ar\/sitio\/clausuran-el-boliche-club-zero\/","title":{"rendered":"Clausuran el boliche Club Zero"},"content":{"rendered":"<!-- VideographyWP Plugin Message: Automatic video embedding prevented by plugin options. -->\n\n<p>Este domingo por la madrugada en el marco operativo nocturnidad, se procede inspecci\u00f3n local nocturno Club Zero, ubicado en calle Pellegrini 865, constat\u00e1ndose presencia de menores de edad, infringiendo Ley 14.050, procedi\u00e9ndose infracci\u00f3n y clausura, intervino el juzgado de Paz de San Pedro.<\/p>\n","protected":false},"excerpt":{"rendered":"<p>Este domingo por la madrugada en el marco operativo nocturnidad, se procede inspecci\u00f3n local nocturno Club Zero, ubicado en calle Pellegrini 865, constat\u00e1ndose presencia de menores de edad, infringiendo Ley 14.050, procedi\u00e9ndose infracci\u00f3n y clausura, intervino el juzgado de Paz de San Pedro.<\/p>\n","protected":false},"author":4,"featured_media":61369,"comment_status":"open","ping_status":"closed","sticky":false,"template":"","format":"standard","meta":{"om_disable_all_campaigns":false,"_jetpack_memberships_contains_paid_content":false,"footnotes":""},"categories":[2,103],"tags":[],"class_list":["post-61368","post","type-post","status-publish","format-standard","has-post-thumbnail","hentry","category-locales","category-policiales-locales"],"aioseo_notices":[],"gutentor_comment":0,"jetpack_featured_media_url":"https:\/\/eldiariodesanpedro.com.ar\/sitio\/wp-content\/uploads\/2019\/10\/PAGINA-3.jpeg","jetpack_shortlink":"https:\/\/wp.me\/p6RhLt-fXO","jetpack_sharing_enabled":true,"_links":{"self":[{"href":"https:\/\/eldiariodesanpedro.com.ar\/sitio\/wp-json\/wp\/v2\/posts\/61368","targetHints":{"allow":["GET"]}}],"collection":[{"href":"https:\/\/eldiariodesanpedro.com.ar\/sitio\/wp-json\/wp\/v2\/posts"}],"about":[{"href":"https:\/\/eldiariodesanpedro.com.ar\/sitio\/wp-json\/wp\/v2\/types\/post"}],"author":[{"embeddable":true,"href":"https:\/\/eldiariodesanpedro.com.ar\/sitio\/wp-json\/wp\/v2\/users\/4"}],"replies":[{"embeddable":true,"href":"https:\/\/eldiariodesanpedro.com.ar\/sitio\/wp-json\/wp\/v2\/comments?post=61368"}],"version-history":[{"count":1,"href":"https:\/\/eldiariodesanpedro.com.ar\/sitio\/wp-json\/wp\/v2\/posts\/61368\/revisions"}],"predecessor-version":[{"id":61370,"href":"https:\/\/eldiariodesanpedro.com.ar\/sitio\/wp-json\/wp\/v2\/posts\/61368\/revisions\/61370"}],"wp:featuredmedia":[{"embeddable":true,"href":"https:\/\/eldiariodesanpedro.com.ar\/sitio\/wp-json\/wp\/v2\/media\/61369"}],"wp:attachment":[{"href":"https:\/\/eldiariodesanpedro.com.ar\/sitio\/wp-json\/wp\/v2\/media?parent=61368"}],"wp:term":[{"taxonomy":"category","embeddable":true,"href":"https:\/\/eldiariodesanpedro.com.ar\/sitio\/wp-json\/wp\/v2\/categories?post=61368"},{"taxonomy":"post_tag","embeddable":true,"href":"https:\/\/eldiariodesanpedro.com.ar\/sitio\/wp-json\/wp\/v2\/tags?post=61368"}],"curies":[{"name":"wp","href":"https:\/\/api.w.org\/{rel}","templated":true}]}}