{"id":61366,"date":"2019-10-06T19:20:43","date_gmt":"2019-10-06T22:20:43","guid":{"rendered":"https:\/\/eldiariodesanpedro.com.ar\/sitio\/?p=61366"},"modified":"2019-10-06T19:20:47","modified_gmt":"2019-10-06T22:20:47","slug":"tres-aprehendidos-por-diferentes-hechos-2","status":"publish","type":"post","link":"https:\/\/eldiariodesanpedro.com.ar\/sitio\/tres-aprehendidos-por-diferentes-hechos-2\/","title":{"rendered":"Tres aprehendidos por diferentes hechos"},"content":{"rendered":"<!-- VideographyWP Plugin Message: Automatic video embedding prevented by plugin options. -->\n\n<p>Este s\u00e1bado en horas de la tarde, en G\u00fcemes al 200, se aprehende masculino mayor de edad quien en conflicto familiar agrede f\u00edsicamente progenitor, caus\u00e1ndole lesiones leves. <\/p>\n\n\n\n<p> Por su parte en la madrugada de domingo en calle Bol\u00edvar s\/n de Gobernador Castro se aprehende masculino mayor, quien se hallaba agrediendo f\u00edsicamente a su hermano ocasionando lesiones leves.<\/p>\n\n\n\n<p> Tambi\u00e9n en la madrugada del domingo en la intersecci\u00f3n de las calles Gomendio y Maino de esta ciudad, se detiene menor de edad, quien posee pedido de captura activo solicitado UFI Joven N\u00b0 2 San Nicol\u00e1s. del corriente a\u00f1o dispuesto por el magistrado.<\/p>\n","protected":false},"excerpt":{"rendered":"<p>Este s\u00e1bado en horas de la tarde, en G\u00fcemes al 200, se aprehende masculino mayor de edad quien en conflicto familiar agrede f\u00edsicamente progenitor, caus\u00e1ndole lesiones leves. Por su parte en la madrugada de domingo en calle Bol\u00edvar s\/n de Gobernador Castro se aprehende masculino mayor, quien se hallaba agrediendo f\u00edsicamente a su hermano ocasionando [&hellip;]<\/p>\n","protected":false},"author":4,"featured_media":60959,"comment_status":"open","ping_status":"closed","sticky":false,"template":"","format":"standard","meta":{"om_disable_all_campaigns":false,"_jetpack_memberships_contains_paid_content":false,"footnotes":""},"categories":[2,103],"tags":[],"class_list":["post-61366","post","type-post","status-publish","format-standard","has-post-thumbnail","hentry","category-locales","category-policiales-locales"],"aioseo_notices":[],"gutentor_comment":0,"jetpack_featured_media_url":"https:\/\/eldiariodesanpedro.com.ar\/sitio\/wp-content\/uploads\/2019\/09\/multimedia.normal.be7970cbbf86d288.4a6f76656e20446574656e69646f5f6e6f726d616c2e6a7067.jpg","jetpack_shortlink":"https:\/\/wp.me\/p6RhLt-fXM","jetpack_sharing_enabled":true,"_links":{"self":[{"href":"https:\/\/eldiariodesanpedro.com.ar\/sitio\/wp-json\/wp\/v2\/posts\/61366","targetHints":{"allow":["GET"]}}],"collection":[{"href":"https:\/\/eldiariodesanpedro.com.ar\/sitio\/wp-json\/wp\/v2\/posts"}],"about":[{"href":"https:\/\/eldiariodesanpedro.com.ar\/sitio\/wp-json\/wp\/v2\/types\/post"}],"author":[{"embeddable":true,"href":"https:\/\/eldiariodesanpedro.com.ar\/sitio\/wp-json\/wp\/v2\/users\/4"}],"replies":[{"embeddable":true,"href":"https:\/\/eldiariodesanpedro.com.ar\/sitio\/wp-json\/wp\/v2\/comments?post=61366"}],"version-history":[{"count":1,"href":"https:\/\/eldiariodesanpedro.com.ar\/sitio\/wp-json\/wp\/v2\/posts\/61366\/revisions"}],"predecessor-version":[{"id":61367,"href":"https:\/\/eldiariodesanpedro.com.ar\/sitio\/wp-json\/wp\/v2\/posts\/61366\/revisions\/61367"}],"wp:featuredmedia":[{"embeddable":true,"href":"https:\/\/eldiariodesanpedro.com.ar\/sitio\/wp-json\/wp\/v2\/media\/60959"}],"wp:attachment":[{"href":"https:\/\/eldiariodesanpedro.com.ar\/sitio\/wp-json\/wp\/v2\/media?parent=61366"}],"wp:term":[{"taxonomy":"category","embeddable":true,"href":"https:\/\/eldiariodesanpedro.com.ar\/sitio\/wp-json\/wp\/v2\/categories?post=61366"},{"taxonomy":"post_tag","embeddable":true,"href":"https:\/\/eldiariodesanpedro.com.ar\/sitio\/wp-json\/wp\/v2\/tags?post=61366"}],"curies":[{"name":"wp","href":"https:\/\/api.w.org\/{rel}","templated":true}]}}