{"id":61364,"date":"2019-10-06T19:19:27","date_gmt":"2019-10-06T22:19:27","guid":{"rendered":"https:\/\/eldiariodesanpedro.com.ar\/sitio\/?p=61364"},"modified":"2019-10-06T19:19:31","modified_gmt":"2019-10-06T22:19:31","slug":"un-hombre-fue-encontrado-sin-vida","status":"publish","type":"post","link":"https:\/\/eldiariodesanpedro.com.ar\/sitio\/un-hombre-fue-encontrado-sin-vida\/","title":{"rendered":"Un hombre fue encontrado sin vida"},"content":{"rendered":"<!-- VideographyWP Plugin Message: Automatic video embedding prevented by plugin options. -->\n\n<p>Este s\u00e1bado a la noche se toma intervenci\u00f3n ra\u00edz persona sexo masculino de 74 a\u00f1os de edad, quien se halla sin vida interior domicilio ubicado en calle Belgrano 750, encontrado por un allegado.  No hay indicios ni da\u00f1os en aberturas para presumir delito. Intervenci\u00f3n UFI 5 San Pedro, dispone autopsia este lunes en la  morgue judicial San Nicol\u00e1s.<\/p>\n","protected":false},"excerpt":{"rendered":"<p>Este s\u00e1bado a la noche se toma intervenci\u00f3n ra\u00edz persona sexo masculino de 74 a\u00f1os de edad, quien se halla sin vida interior domicilio ubicado en calle Belgrano 750, encontrado por un allegado. No hay indicios ni da\u00f1os en aberturas para presumir delito. Intervenci\u00f3n UFI 5 San Pedro, dispone autopsia este lunes en la morgue [&hellip;]<\/p>\n","protected":false},"author":4,"featured_media":60956,"comment_status":"open","ping_status":"closed","sticky":false,"template":"","format":"standard","meta":{"om_disable_all_campaigns":false,"_jetpack_memberships_contains_paid_content":false,"footnotes":""},"categories":[2,103],"tags":[],"class_list":["post-61364","post","type-post","status-publish","format-standard","has-post-thumbnail","hentry","category-locales","category-policiales-locales"],"aioseo_notices":[],"gutentor_comment":0,"jetpack_featured_media_url":"https:\/\/eldiariodesanpedro.com.ar\/sitio\/wp-content\/uploads\/2019\/09\/nuevos-patrulleros-policia-02_5.jpg","jetpack_shortlink":"https:\/\/wp.me\/p6RhLt-fXK","jetpack_sharing_enabled":true,"_links":{"self":[{"href":"https:\/\/eldiariodesanpedro.com.ar\/sitio\/wp-json\/wp\/v2\/posts\/61364","targetHints":{"allow":["GET"]}}],"collection":[{"href":"https:\/\/eldiariodesanpedro.com.ar\/sitio\/wp-json\/wp\/v2\/posts"}],"about":[{"href":"https:\/\/eldiariodesanpedro.com.ar\/sitio\/wp-json\/wp\/v2\/types\/post"}],"author":[{"embeddable":true,"href":"https:\/\/eldiariodesanpedro.com.ar\/sitio\/wp-json\/wp\/v2\/users\/4"}],"replies":[{"embeddable":true,"href":"https:\/\/eldiariodesanpedro.com.ar\/sitio\/wp-json\/wp\/v2\/comments?post=61364"}],"version-history":[{"count":1,"href":"https:\/\/eldiariodesanpedro.com.ar\/sitio\/wp-json\/wp\/v2\/posts\/61364\/revisions"}],"predecessor-version":[{"id":61365,"href":"https:\/\/eldiariodesanpedro.com.ar\/sitio\/wp-json\/wp\/v2\/posts\/61364\/revisions\/61365"}],"wp:featuredmedia":[{"embeddable":true,"href":"https:\/\/eldiariodesanpedro.com.ar\/sitio\/wp-json\/wp\/v2\/media\/60956"}],"wp:attachment":[{"href":"https:\/\/eldiariodesanpedro.com.ar\/sitio\/wp-json\/wp\/v2\/media?parent=61364"}],"wp:term":[{"taxonomy":"category","embeddable":true,"href":"https:\/\/eldiariodesanpedro.com.ar\/sitio\/wp-json\/wp\/v2\/categories?post=61364"},{"taxonomy":"post_tag","embeddable":true,"href":"https:\/\/eldiariodesanpedro.com.ar\/sitio\/wp-json\/wp\/v2\/tags?post=61364"}],"curies":[{"name":"wp","href":"https:\/\/api.w.org\/{rel}","templated":true}]}}