{"id":61360,"date":"2019-10-06T19:17:34","date_gmt":"2019-10-06T22:17:34","guid":{"rendered":"https:\/\/eldiariodesanpedro.com.ar\/sitio\/?p=61360"},"modified":"2019-10-06T19:17:39","modified_gmt":"2019-10-06T22:17:39","slug":"se-recupera-una-moto-y-materiales-de-construccion-robados","status":"publish","type":"post","link":"https:\/\/eldiariodesanpedro.com.ar\/sitio\/se-recupera-una-moto-y-materiales-de-construccion-robados\/","title":{"rendered":"Se recupera una moto y materiales de construcci\u00f3n robados"},"content":{"rendered":"<!-- VideographyWP Plugin Message: Automatic video embedding prevented by plugin options. -->\n\n<p>En operativos realizados por la polic\u00eda de nuestra ciudad recuperan elementos robados momentos antes en dos lugares distintos.<br> El pasado s\u00e1bado en horas de la tarde, en calle Hermano Indio 850 se halla y secuestra Motocicleta Gilera Smash 110 cc, la cual hab\u00eda sido sustra\u00edda momentos antes.<\/p>\n\n\n\n<p> El mismo dia en un camino de la zona rural ex planta depuradora de R\u00edo Tala, se halla y secuestra port\u00f3n melamina marcos de hierro estructural, denunciado horas antes como sustra\u00eddo por vecino de la misma localidad. <\/p>\n","protected":false},"excerpt":{"rendered":"<p>En operativos realizados por la polic\u00eda de nuestra ciudad recuperan elementos robados momentos antes en dos lugares distintos. El pasado s\u00e1bado en horas de la tarde, en calle Hermano Indio 850 se halla y secuestra Motocicleta Gilera Smash 110 cc, la cual hab\u00eda sido sustra\u00edda momentos antes. El mismo dia en un camino de la [&hellip;]<\/p>\n","protected":false},"author":4,"featured_media":61214,"comment_status":"open","ping_status":"closed","sticky":false,"template":"","format":"standard","meta":{"om_disable_all_campaigns":false,"_jetpack_memberships_contains_paid_content":false,"footnotes":""},"categories":[2,103],"tags":[],"class_list":["post-61360","post","type-post","status-publish","format-standard","has-post-thumbnail","hentry","category-locales","category-policiales-locales"],"aioseo_notices":[],"gutentor_comment":0,"jetpack_featured_media_url":"https:\/\/eldiariodesanpedro.com.ar\/sitio\/wp-content\/uploads\/2019\/10\/patrullas-policia-noche.jpg","jetpack_shortlink":"https:\/\/wp.me\/p6RhLt-fXG","jetpack_sharing_enabled":true,"_links":{"self":[{"href":"https:\/\/eldiariodesanpedro.com.ar\/sitio\/wp-json\/wp\/v2\/posts\/61360","targetHints":{"allow":["GET"]}}],"collection":[{"href":"https:\/\/eldiariodesanpedro.com.ar\/sitio\/wp-json\/wp\/v2\/posts"}],"about":[{"href":"https:\/\/eldiariodesanpedro.com.ar\/sitio\/wp-json\/wp\/v2\/types\/post"}],"author":[{"embeddable":true,"href":"https:\/\/eldiariodesanpedro.com.ar\/sitio\/wp-json\/wp\/v2\/users\/4"}],"replies":[{"embeddable":true,"href":"https:\/\/eldiariodesanpedro.com.ar\/sitio\/wp-json\/wp\/v2\/comments?post=61360"}],"version-history":[{"count":1,"href":"https:\/\/eldiariodesanpedro.com.ar\/sitio\/wp-json\/wp\/v2\/posts\/61360\/revisions"}],"predecessor-version":[{"id":61361,"href":"https:\/\/eldiariodesanpedro.com.ar\/sitio\/wp-json\/wp\/v2\/posts\/61360\/revisions\/61361"}],"wp:featuredmedia":[{"embeddable":true,"href":"https:\/\/eldiariodesanpedro.com.ar\/sitio\/wp-json\/wp\/v2\/media\/61214"}],"wp:attachment":[{"href":"https:\/\/eldiariodesanpedro.com.ar\/sitio\/wp-json\/wp\/v2\/media?parent=61360"}],"wp:term":[{"taxonomy":"category","embeddable":true,"href":"https:\/\/eldiariodesanpedro.com.ar\/sitio\/wp-json\/wp\/v2\/categories?post=61360"},{"taxonomy":"post_tag","embeddable":true,"href":"https:\/\/eldiariodesanpedro.com.ar\/sitio\/wp-json\/wp\/v2\/tags?post=61360"}],"curies":[{"name":"wp","href":"https:\/\/api.w.org\/{rel}","templated":true}]}}