{"id":61348,"date":"2019-10-06T18:34:57","date_gmt":"2019-10-06T21:34:57","guid":{"rendered":"https:\/\/eldiariodesanpedro.com.ar\/sitio\/?p=61348"},"modified":"2019-10-06T18:35:01","modified_gmt":"2019-10-06T21:35:01","slug":"por-la-gran-bajante-del-parana-logran-imagenes-del-elgar-un-buque-tragado-por-una-isla-hace-85-anos","status":"publish","type":"post","link":"https:\/\/eldiariodesanpedro.com.ar\/sitio\/por-la-gran-bajante-del-parana-logran-imagenes-del-elgar-un-buque-tragado-por-una-isla-hace-85-anos\/","title":{"rendered":"Por la gran bajante del Paran\u00e1 logran im\u00e1genes del \u201cElgar\u201d, un buque tragado por una isla hace 85 a\u00f1os"},"content":{"rendered":"<!-- VideographyWP Plugin Message: Automatic video embedding prevented by plugin options. -->\n\n<p>El 25 de noviembre de 1934, el \u201cElgar\u201d pasaba frente a la ciudad de San Pedro. Remontaba el r\u00edo Paran\u00e1 con su carga cuando, por motivos desconocidos, se var\u00f3 en un banco de limo sumergido que por aquella \u00e9poca se estaba comenzando a desarrollar en el sector Este de la Isla del Medio, una porci\u00f3n de tierra triangular ubicada en el medio del r\u00edo, frente a las costas de la ciudad bonaerense.<\/p>\n\n\n\n<p> Desde ese momento, el buque y el lugar pasaron a ser un punto de referencia para pescadores y navegantes. Casi un mito. La \u201cisla del barco a pique\u201d, como muchos la mencionar\u00edan con el paso del tiempo.<\/p>\n\n\n\n<p>Casi nada se sabe de aquel buque. En la Prefectura local no se pudieron encontrar datos. Pero s\u00ed algunas cartas n\u00e1uticas donde aparece una fugaz referencia al naufragio. <br>\nEl buque qued\u00f3 en el interior de la isla rodeado<br>\npor un pantano inaccesible.<br>\nAlgunos lugare\u00f1os consultados recuerdan un barco de unos 40 metros o tal vez m\u00e1s. De su carga, unos dicen que transportaba cemento; otros, piedra. Otra versi\u00f3n\u2026autos.<\/p>\n\n\n\n<p>Algunos vecinos que frecuentaban el r\u00edo por aquella \u00e9poca llegaron a reutilizar algunos elementos del naufragio abandonado; sobre todo metales varios, hierros, etc. Alguno, ahora muy mayor, recuerda haber estado pescando, de muy joven, sobre la cubierta del buque abandonado.<br>\nCon los a\u00f1os, el \u201cElgar\u201d se fue olvidando y\u2026desapareciendo.<\/p>\n\n\n\n<p>La mec\u00e1nica del r\u00edo hizo que la Isla del Medio creciera, se estirara aguas abajo y fuera atrapando lentamente al maltrecho buque en un barro espeso hasta cubrirlo casi totalmente. Durante a\u00f1os todav\u00eda se pod\u00eda ver un fragmento de un m\u00e1stil de unos dos o tres metros que sobresal\u00eda del agua. Con los a\u00f1os, hasta eso dej\u00f3 de verse. <br>\nEl Paran\u00e1 es sumamente voraz\u2026<\/p>\n\n\n\n<p>El equipo del Museo Paleontol\u00f3gico de San Pedro naveg\u00f3 hasta la zona con el objetivo de lograr ubicar el naufragio y captar, para la historia n\u00e1utica de la zona y el recuerdo de aquellos que frecuentan el r\u00edo, el estado actual del \u201cElgar\u201d. <\/p>\n\n\n\n<p>Jos\u00e9 Luis Aguilar, Javier y Lucas Saucedo, David Tettamanti, Fernando Chiodini y Cristian Aguirre, desembarcaron en la isla con un drone para sobrevolar lentamente el lugar y tratar de ubicar el naufragio. Gracias a ese drone se pudieron sortear los 1.200 metros de pantano que hoy rodean los restos sumergidos en el lodo. <\/p>\n\n\n\n<p>El naufragio ya fue tragado por la isla y s\u00f3lo se aprecia el cabrestante para levar el ancla.<br>\nLa gran bajante que experiment\u00f3 el Paran\u00e1 d\u00edas atr\u00e1s permiti\u00f3 captar las que, posiblemente, sean las \u00faltimas im\u00e1genes del \u201cElgar\u201d ya que, literalmente, ha sido \u201ctragado\u201d por la isla. <br>\nLo \u00fanico que aflora en el barro de la laguna donde se encuentra es el mecanismo para levar el ancla que el buque ten\u00eda en su cubierta. El drone alcanz\u00f3 a filmar una serie de engranajes y cabirones que formaban parte del cabrestante que el buque utilizaba para levantar el ancla.<br>\nObservando las piezas que afloran en superficie se puede ver que el barco qued\u00f3 levemente escorado hacia estribor.<\/p>\n\n\n\n<p>Desde el Grupo Conservacionista de San Pedro comentan que \u201choy, el lugar donde yace el casco del <code>Elgar<\/code> es un pantano de poca profundidad que se form\u00f3 a medida que la isla original se un\u00eda con el banco de limo donde se encall\u00f3 este carguero. Las dos fracciones de tierra se fueron fusionando hasta conformar una isla con el doble del tama\u00f1o que pose\u00eda originalmente. Y en su interior qued\u00f3 atrapada esta nave de acero olvidada en medio del Paran\u00e1. A pesar de la altura de su casco, la isla pudo m\u00e1s y en 85 a\u00f1os fue sepultando al barco, poco a poco, hasta hacerlo desaparecer en un espeso pantano justo en medio del islote. Por fortuna, se pudieron documentar las \u00faltimas im\u00e1genes de este naufragio antes que la isla lo termine de tragar para siempre.\u201d<\/p>\n\n\n\n<ul class=\"wp-block-gallery columns-3 is-cropped wp-block-gallery-1 is-layout-flex wp-block-gallery-is-layout-flex\"><li class=\"blocks-gallery-item\"><figure><img decoding=\"async\" width=\"1024\" height=\"576\" data-attachment-id=\"61358\" data-permalink=\"https:\/\/eldiariodesanpedro.com.ar\/sitio\/por-la-gran-bajante-del-parana-logran-imagenes-del-elgar-un-buque-tragado-por-una-isla-hace-85-anos\/preparativos\/\" data-orig-file=\"https:\/\/eldiariodesanpedro.com.ar\/sitio\/wp-content\/uploads\/2019\/10\/PREPARATIVOS.jpg\" data-orig-size=\"3840,2160\" data-comments-opened=\"1\" data-image-meta=\"{&quot;aperture&quot;:&quot;2&quot;,&quot;credit&quot;:&quot;&quot;,&quot;camera&quot;:&quot;LG-X230&quot;,&quot;caption&quot;:&quot;&quot;,&quot;created_timestamp&quot;:&quot;1569502778&quot;,&quot;copyright&quot;:&quot;&quot;,&quot;focal_length&quot;:&quot;3.5&quot;,&quot;iso&quot;:&quot;125&quot;,&quot;shutter_speed&quot;:&quot;0.00041&quot;,&quot;title&quot;:&quot;&quot;,&quot;orientation&quot;:&quot;1&quot;}\" data-image-title=\"PREPARATIVOS\" data-image-description=\"\" data-image-caption=\"\" data-large-file=\"https:\/\/eldiariodesanpedro.com.ar\/sitio\/wp-content\/uploads\/2019\/10\/PREPARATIVOS-1024x576.jpg\" data-src=\"https:\/\/eldiariodesanpedro.com.ar\/sitio\/wp-content\/uploads\/2019\/10\/PREPARATIVOS-1024x576.jpg\" alt=\"\" data-id=\"61358\" data-link=\"https:\/\/eldiariodesanpedro.com.ar\/sitio\/?attachment_id=61358\" class=\"wp-image-61358 lazyload\" data-srcset=\"https:\/\/eldiariodesanpedro.com.ar\/sitio\/wp-content\/uploads\/2019\/10\/PREPARATIVOS-1024x576.jpg 1024w, https:\/\/eldiariodesanpedro.com.ar\/sitio\/wp-content\/uploads\/2019\/10\/PREPARATIVOS-300x169.jpg 300w, https:\/\/eldiariodesanpedro.com.ar\/sitio\/wp-content\/uploads\/2019\/10\/PREPARATIVOS-768x432.jpg 768w\" data-sizes=\"(max-width: 1024px) 100vw, 1024px\" src=\"data:image\/svg+xml;base64,PHN2ZyB3aWR0aD0iMSIgaGVpZ2h0PSIxIiB4bWxucz0iaHR0cDovL3d3dy53My5vcmcvMjAwMC9zdmciPjwvc3ZnPg==\" style=\"--smush-placeholder-width: 1024px; --smush-placeholder-aspect-ratio: 1024\/576;\" \/><\/figure><\/li><li class=\"blocks-gallery-item\"><figure><img decoding=\"async\" width=\"576\" height=\"1024\" data-attachment-id=\"61357\" data-permalink=\"https:\/\/eldiariodesanpedro.com.ar\/sitio\/por-la-gran-bajante-del-parana-logran-imagenes-del-elgar-un-buque-tragado-por-una-isla-hace-85-anos\/preparativos-2\/\" data-orig-file=\"https:\/\/eldiariodesanpedro.com.ar\/sitio\/wp-content\/uploads\/2019\/10\/PREPARATIVOS-2.jpg\" data-orig-size=\"720,1280\" data-comments-opened=\"1\" data-image-meta=\"{&quot;aperture&quot;:&quot;0&quot;,&quot;credit&quot;:&quot;&quot;,&quot;camera&quot;:&quot;&quot;,&quot;caption&quot;:&quot;&quot;,&quot;created_timestamp&quot;:&quot;0&quot;,&quot;copyright&quot;:&quot;&quot;,&quot;focal_length&quot;:&quot;0&quot;,&quot;iso&quot;:&quot;0&quot;,&quot;shutter_speed&quot;:&quot;0&quot;,&quot;title&quot;:&quot;&quot;,&quot;orientation&quot;:&quot;0&quot;}\" data-image-title=\"PREPARATIVOS 2\" data-image-description=\"\" data-image-caption=\"\" data-large-file=\"https:\/\/eldiariodesanpedro.com.ar\/sitio\/wp-content\/uploads\/2019\/10\/PREPARATIVOS-2-576x1024.jpg\" data-src=\"https:\/\/eldiariodesanpedro.com.ar\/sitio\/wp-content\/uploads\/2019\/10\/PREPARATIVOS-2-576x1024.jpg\" alt=\"\" data-id=\"61357\" data-link=\"https:\/\/eldiariodesanpedro.com.ar\/sitio\/?attachment_id=61357\" class=\"wp-image-61357 lazyload\" data-srcset=\"https:\/\/eldiariodesanpedro.com.ar\/sitio\/wp-content\/uploads\/2019\/10\/PREPARATIVOS-2-576x1024.jpg 576w, https:\/\/eldiariodesanpedro.com.ar\/sitio\/wp-content\/uploads\/2019\/10\/PREPARATIVOS-2-169x300.jpg 169w, https:\/\/eldiariodesanpedro.com.ar\/sitio\/wp-content\/uploads\/2019\/10\/PREPARATIVOS-2.jpg 720w\" data-sizes=\"(max-width: 576px) 100vw, 576px\" src=\"data:image\/svg+xml;base64,PHN2ZyB3aWR0aD0iMSIgaGVpZ2h0PSIxIiB4bWxucz0iaHR0cDovL3d3dy53My5vcmcvMjAwMC9zdmciPjwvc3ZnPg==\" style=\"--smush-placeholder-width: 576px; --smush-placeholder-aspect-ratio: 576\/1024;\" \/><\/figure><\/li><li class=\"blocks-gallery-item\"><figure><img decoding=\"async\" width=\"843\" height=\"442\" data-attachment-id=\"61356\" data-permalink=\"https:\/\/eldiariodesanpedro.com.ar\/sitio\/por-la-gran-bajante-del-parana-logran-imagenes-del-elgar-un-buque-tragado-por-una-isla-hace-85-anos\/naufragio-ubicacion\/\" data-orig-file=\"https:\/\/eldiariodesanpedro.com.ar\/sitio\/wp-content\/uploads\/2019\/10\/NAUFRAGIO-UBICACI\u00d3N.jpg\" data-orig-size=\"843,442\" data-comments-opened=\"1\" data-image-meta=\"{&quot;aperture&quot;:&quot;0&quot;,&quot;credit&quot;:&quot;&quot;,&quot;camera&quot;:&quot;&quot;,&quot;caption&quot;:&quot;&quot;,&quot;created_timestamp&quot;:&quot;0&quot;,&quot;copyright&quot;:&quot;&quot;,&quot;focal_length&quot;:&quot;0&quot;,&quot;iso&quot;:&quot;0&quot;,&quot;shutter_speed&quot;:&quot;0&quot;,&quot;title&quot;:&quot;&quot;,&quot;orientation&quot;:&quot;0&quot;}\" data-image-title=\"NAUFRAGIO-UBICACI\u00d3N\" data-image-description=\"\" data-image-caption=\"\" data-large-file=\"https:\/\/eldiariodesanpedro.com.ar\/sitio\/wp-content\/uploads\/2019\/10\/NAUFRAGIO-UBICACI\u00d3N.jpg\" data-src=\"https:\/\/eldiariodesanpedro.com.ar\/sitio\/wp-content\/uploads\/2019\/10\/NAUFRAGIO-UBICACI\u00d3N.jpg\" alt=\"\" data-id=\"61356\" data-link=\"https:\/\/eldiariodesanpedro.com.ar\/sitio\/?attachment_id=61356\" class=\"wp-image-61356 lazyload\" data-srcset=\"https:\/\/eldiariodesanpedro.com.ar\/sitio\/wp-content\/uploads\/2019\/10\/NAUFRAGIO-UBICACI\u00d3N.jpg 843w, https:\/\/eldiariodesanpedro.com.ar\/sitio\/wp-content\/uploads\/2019\/10\/NAUFRAGIO-UBICACI\u00d3N-300x157.jpg 300w, https:\/\/eldiariodesanpedro.com.ar\/sitio\/wp-content\/uploads\/2019\/10\/NAUFRAGIO-UBICACI\u00d3N-768x403.jpg 768w, https:\/\/eldiariodesanpedro.com.ar\/sitio\/wp-content\/uploads\/2019\/10\/NAUFRAGIO-UBICACI\u00d3N-390x205.jpg 390w\" data-sizes=\"(max-width: 843px) 100vw, 843px\" src=\"data:image\/svg+xml;base64,PHN2ZyB3aWR0aD0iMSIgaGVpZ2h0PSIxIiB4bWxucz0iaHR0cDovL3d3dy53My5vcmcvMjAwMC9zdmciPjwvc3ZnPg==\" style=\"--smush-placeholder-width: 843px; --smush-placeholder-aspect-ratio: 843\/442;\" \/><\/figure><\/li><li class=\"blocks-gallery-item\"><figure><img decoding=\"async\" width=\"1024\" height=\"768\" data-attachment-id=\"61355\" data-permalink=\"https:\/\/eldiariodesanpedro.com.ar\/sitio\/por-la-gran-bajante-del-parana-logran-imagenes-del-elgar-un-buque-tragado-por-una-isla-hace-85-anos\/momento-del-avistaje-del-naufragio\/\" data-orig-file=\"https:\/\/eldiariodesanpedro.com.ar\/sitio\/wp-content\/uploads\/2019\/10\/Momento-del-avistaje-del-naufragio.jpg\" data-orig-size=\"1280,960\" data-comments-opened=\"1\" data-image-meta=\"{&quot;aperture&quot;:&quot;0&quot;,&quot;credit&quot;:&quot;&quot;,&quot;camera&quot;:&quot;&quot;,&quot;caption&quot;:&quot;&quot;,&quot;created_timestamp&quot;:&quot;0&quot;,&quot;copyright&quot;:&quot;&quot;,&quot;focal_length&quot;:&quot;0&quot;,&quot;iso&quot;:&quot;0&quot;,&quot;shutter_speed&quot;:&quot;0&quot;,&quot;title&quot;:&quot;&quot;,&quot;orientation&quot;:&quot;0&quot;}\" data-image-title=\"Momento del avistaje del naufragio\" data-image-description=\"\" data-image-caption=\"\" data-large-file=\"https:\/\/eldiariodesanpedro.com.ar\/sitio\/wp-content\/uploads\/2019\/10\/Momento-del-avistaje-del-naufragio-1024x768.jpg\" data-src=\"https:\/\/eldiariodesanpedro.com.ar\/sitio\/wp-content\/uploads\/2019\/10\/Momento-del-avistaje-del-naufragio-1024x768.jpg\" alt=\"\" data-id=\"61355\" data-link=\"https:\/\/eldiariodesanpedro.com.ar\/sitio\/?attachment_id=61355\" class=\"wp-image-61355 lazyload\" data-srcset=\"https:\/\/eldiariodesanpedro.com.ar\/sitio\/wp-content\/uploads\/2019\/10\/Momento-del-avistaje-del-naufragio-1024x768.jpg 1024w, https:\/\/eldiariodesanpedro.com.ar\/sitio\/wp-content\/uploads\/2019\/10\/Momento-del-avistaje-del-naufragio-300x225.jpg 300w, https:\/\/eldiariodesanpedro.com.ar\/sitio\/wp-content\/uploads\/2019\/10\/Momento-del-avistaje-del-naufragio-768x576.jpg 768w, https:\/\/eldiariodesanpedro.com.ar\/sitio\/wp-content\/uploads\/2019\/10\/Momento-del-avistaje-del-naufragio.jpg 1280w\" data-sizes=\"(max-width: 1024px) 100vw, 1024px\" src=\"data:image\/svg+xml;base64,PHN2ZyB3aWR0aD0iMSIgaGVpZ2h0PSIxIiB4bWxucz0iaHR0cDovL3d3dy53My5vcmcvMjAwMC9zdmciPjwvc3ZnPg==\" style=\"--smush-placeholder-width: 1024px; --smush-placeholder-aspect-ratio: 1024\/768;\" \/><\/figure><\/li><li class=\"blocks-gallery-item\"><figure><img decoding=\"async\" width=\"892\" height=\"591\" data-attachment-id=\"61354\" data-permalink=\"https:\/\/eldiariodesanpedro.com.ar\/sitio\/por-la-gran-bajante-del-parana-logran-imagenes-del-elgar-un-buque-tragado-por-una-isla-hace-85-anos\/elgar-hundido\/\" data-orig-file=\"https:\/\/eldiariodesanpedro.com.ar\/sitio\/wp-content\/uploads\/2019\/10\/ELGAR-HUNDIDO.jpg\" data-orig-size=\"892,591\" data-comments-opened=\"1\" data-image-meta=\"{&quot;aperture&quot;:&quot;0&quot;,&quot;credit&quot;:&quot;&quot;,&quot;camera&quot;:&quot;&quot;,&quot;caption&quot;:&quot;&quot;,&quot;created_timestamp&quot;:&quot;0&quot;,&quot;copyright&quot;:&quot;&quot;,&quot;focal_length&quot;:&quot;0&quot;,&quot;iso&quot;:&quot;0&quot;,&quot;shutter_speed&quot;:&quot;0&quot;,&quot;title&quot;:&quot;&quot;,&quot;orientation&quot;:&quot;0&quot;}\" data-image-title=\"ELGAR HUNDIDO\" data-image-description=\"\" data-image-caption=\"\" data-large-file=\"https:\/\/eldiariodesanpedro.com.ar\/sitio\/wp-content\/uploads\/2019\/10\/ELGAR-HUNDIDO.jpg\" data-src=\"https:\/\/eldiariodesanpedro.com.ar\/sitio\/wp-content\/uploads\/2019\/10\/ELGAR-HUNDIDO.jpg\" alt=\"\" data-id=\"61354\" data-link=\"https:\/\/eldiariodesanpedro.com.ar\/sitio\/?attachment_id=61354\" class=\"wp-image-61354 lazyload\" data-srcset=\"https:\/\/eldiariodesanpedro.com.ar\/sitio\/wp-content\/uploads\/2019\/10\/ELGAR-HUNDIDO.jpg 892w, https:\/\/eldiariodesanpedro.com.ar\/sitio\/wp-content\/uploads\/2019\/10\/ELGAR-HUNDIDO-300x199.jpg 300w, https:\/\/eldiariodesanpedro.com.ar\/sitio\/wp-content\/uploads\/2019\/10\/ELGAR-HUNDIDO-768x509.jpg 768w\" data-sizes=\"(max-width: 892px) 100vw, 892px\" src=\"data:image\/svg+xml;base64,PHN2ZyB3aWR0aD0iMSIgaGVpZ2h0PSIxIiB4bWxucz0iaHR0cDovL3d3dy53My5vcmcvMjAwMC9zdmciPjwvc3ZnPg==\" style=\"--smush-placeholder-width: 892px; --smush-placeholder-aspect-ratio: 892\/591;\" \/><\/figure><\/li><li class=\"blocks-gallery-item\"><figure><img decoding=\"async\" width=\"1024\" height=\"577\" data-attachment-id=\"61353\" data-permalink=\"https:\/\/eldiariodesanpedro.com.ar\/sitio\/por-la-gran-bajante-del-parana-logran-imagenes-del-elgar-un-buque-tragado-por-una-isla-hace-85-anos\/elgar-hundido-3\/\" data-orig-file=\"https:\/\/eldiariodesanpedro.com.ar\/sitio\/wp-content\/uploads\/2019\/10\/ELGAR-HUNDIDO-3.jpg\" data-orig-size=\"1220,688\" data-comments-opened=\"1\" data-image-meta=\"{&quot;aperture&quot;:&quot;0&quot;,&quot;credit&quot;:&quot;&quot;,&quot;camera&quot;:&quot;&quot;,&quot;caption&quot;:&quot;&quot;,&quot;created_timestamp&quot;:&quot;0&quot;,&quot;copyright&quot;:&quot;&quot;,&quot;focal_length&quot;:&quot;0&quot;,&quot;iso&quot;:&quot;0&quot;,&quot;shutter_speed&quot;:&quot;0&quot;,&quot;title&quot;:&quot;&quot;,&quot;orientation&quot;:&quot;0&quot;}\" data-image-title=\"ELGAR HUNDIDO 3\" data-image-description=\"\" data-image-caption=\"\" data-large-file=\"https:\/\/eldiariodesanpedro.com.ar\/sitio\/wp-content\/uploads\/2019\/10\/ELGAR-HUNDIDO-3-1024x577.jpg\" data-src=\"https:\/\/eldiariodesanpedro.com.ar\/sitio\/wp-content\/uploads\/2019\/10\/ELGAR-HUNDIDO-3-1024x577.jpg\" alt=\"\" data-id=\"61353\" data-link=\"https:\/\/eldiariodesanpedro.com.ar\/sitio\/?attachment_id=61353\" class=\"wp-image-61353 lazyload\" data-srcset=\"https:\/\/eldiariodesanpedro.com.ar\/sitio\/wp-content\/uploads\/2019\/10\/ELGAR-HUNDIDO-3-1024x577.jpg 1024w, https:\/\/eldiariodesanpedro.com.ar\/sitio\/wp-content\/uploads\/2019\/10\/ELGAR-HUNDIDO-3-300x169.jpg 300w, https:\/\/eldiariodesanpedro.com.ar\/sitio\/wp-content\/uploads\/2019\/10\/ELGAR-HUNDIDO-3-768x433.jpg 768w, https:\/\/eldiariodesanpedro.com.ar\/sitio\/wp-content\/uploads\/2019\/10\/ELGAR-HUNDIDO-3.jpg 1220w\" data-sizes=\"(max-width: 1024px) 100vw, 1024px\" src=\"data:image\/svg+xml;base64,PHN2ZyB3aWR0aD0iMSIgaGVpZ2h0PSIxIiB4bWxucz0iaHR0cDovL3d3dy53My5vcmcvMjAwMC9zdmciPjwvc3ZnPg==\" style=\"--smush-placeholder-width: 1024px; --smush-placeholder-aspect-ratio: 1024\/577;\" \/><\/figure><\/li><li class=\"blocks-gallery-item\"><figure><img decoding=\"async\" width=\"842\" height=\"635\" data-attachment-id=\"61352\" data-permalink=\"https:\/\/eldiariodesanpedro.com.ar\/sitio\/por-la-gran-bajante-del-parana-logran-imagenes-del-elgar-un-buque-tragado-por-una-isla-hace-85-anos\/carta-nautica-1988\/\" data-orig-file=\"https:\/\/eldiariodesanpedro.com.ar\/sitio\/wp-content\/uploads\/2019\/10\/CARTA-N\u00c1UTICA-1988.jpg\" data-orig-size=\"842,635\" data-comments-opened=\"1\" data-image-meta=\"{&quot;aperture&quot;:&quot;0&quot;,&quot;credit&quot;:&quot;&quot;,&quot;camera&quot;:&quot;&quot;,&quot;caption&quot;:&quot;&quot;,&quot;created_timestamp&quot;:&quot;0&quot;,&quot;copyright&quot;:&quot;&quot;,&quot;focal_length&quot;:&quot;0&quot;,&quot;iso&quot;:&quot;0&quot;,&quot;shutter_speed&quot;:&quot;0&quot;,&quot;title&quot;:&quot;&quot;,&quot;orientation&quot;:&quot;0&quot;}\" data-image-title=\"CARTA N\u00c1UTICA 1988\" data-image-description=\"\" data-image-caption=\"\" data-large-file=\"https:\/\/eldiariodesanpedro.com.ar\/sitio\/wp-content\/uploads\/2019\/10\/CARTA-N\u00c1UTICA-1988.jpg\" data-src=\"https:\/\/eldiariodesanpedro.com.ar\/sitio\/wp-content\/uploads\/2019\/10\/CARTA-N\u00c1UTICA-1988.jpg\" alt=\"\" data-id=\"61352\" data-link=\"https:\/\/eldiariodesanpedro.com.ar\/sitio\/?attachment_id=61352\" class=\"wp-image-61352 lazyload\" data-srcset=\"https:\/\/eldiariodesanpedro.com.ar\/sitio\/wp-content\/uploads\/2019\/10\/CARTA-N\u00c1UTICA-1988.jpg 842w, https:\/\/eldiariodesanpedro.com.ar\/sitio\/wp-content\/uploads\/2019\/10\/CARTA-N\u00c1UTICA-1988-300x226.jpg 300w, https:\/\/eldiariodesanpedro.com.ar\/sitio\/wp-content\/uploads\/2019\/10\/CARTA-N\u00c1UTICA-1988-768x579.jpg 768w\" data-sizes=\"(max-width: 842px) 100vw, 842px\" src=\"data:image\/svg+xml;base64,PHN2ZyB3aWR0aD0iMSIgaGVpZ2h0PSIxIiB4bWxucz0iaHR0cDovL3d3dy53My5vcmcvMjAwMC9zdmciPjwvc3ZnPg==\" style=\"--smush-placeholder-width: 842px; --smush-placeholder-aspect-ratio: 842\/635;\" \/><\/figure><\/li><li class=\"blocks-gallery-item\"><figure><img decoding=\"async\" width=\"1024\" height=\"744\" data-attachment-id=\"61351\" data-permalink=\"https:\/\/eldiariodesanpedro.com.ar\/sitio\/por-la-gran-bajante-del-parana-logran-imagenes-del-elgar-un-buque-tragado-por-una-isla-hace-85-anos\/cart-nautica-1965\/\" data-orig-file=\"https:\/\/eldiariodesanpedro.com.ar\/sitio\/wp-content\/uploads\/2019\/10\/CART-N\u00c1UTICA-1965.jpg\" data-orig-size=\"1053,765\" data-comments-opened=\"1\" data-image-meta=\"{&quot;aperture&quot;:&quot;0&quot;,&quot;credit&quot;:&quot;&quot;,&quot;camera&quot;:&quot;&quot;,&quot;caption&quot;:&quot;&quot;,&quot;created_timestamp&quot;:&quot;0&quot;,&quot;copyright&quot;:&quot;&quot;,&quot;focal_length&quot;:&quot;0&quot;,&quot;iso&quot;:&quot;0&quot;,&quot;shutter_speed&quot;:&quot;0&quot;,&quot;title&quot;:&quot;&quot;,&quot;orientation&quot;:&quot;0&quot;}\" data-image-title=\"CART N\u00c1UTICA 1965\" data-image-description=\"\" data-image-caption=\"\" data-large-file=\"https:\/\/eldiariodesanpedro.com.ar\/sitio\/wp-content\/uploads\/2019\/10\/CART-N\u00c1UTICA-1965-1024x744.jpg\" data-src=\"https:\/\/eldiariodesanpedro.com.ar\/sitio\/wp-content\/uploads\/2019\/10\/CART-N\u00c1UTICA-1965-1024x744.jpg\" alt=\"\" data-id=\"61351\" data-link=\"https:\/\/eldiariodesanpedro.com.ar\/sitio\/?attachment_id=61351\" class=\"wp-image-61351 lazyload\" data-srcset=\"https:\/\/eldiariodesanpedro.com.ar\/sitio\/wp-content\/uploads\/2019\/10\/CART-N\u00c1UTICA-1965-1024x744.jpg 1024w, https:\/\/eldiariodesanpedro.com.ar\/sitio\/wp-content\/uploads\/2019\/10\/CART-N\u00c1UTICA-1965-300x218.jpg 300w, https:\/\/eldiariodesanpedro.com.ar\/sitio\/wp-content\/uploads\/2019\/10\/CART-N\u00c1UTICA-1965-768x558.jpg 768w, https:\/\/eldiariodesanpedro.com.ar\/sitio\/wp-content\/uploads\/2019\/10\/CART-N\u00c1UTICA-1965.jpg 1053w\" data-sizes=\"(max-width: 1024px) 100vw, 1024px\" src=\"data:image\/svg+xml;base64,PHN2ZyB3aWR0aD0iMSIgaGVpZ2h0PSIxIiB4bWxucz0iaHR0cDovL3d3dy53My5vcmcvMjAwMC9zdmciPjwvc3ZnPg==\" style=\"--smush-placeholder-width: 1024px; --smush-placeholder-aspect-ratio: 1024\/744;\" \/><\/figure><\/li><li class=\"blocks-gallery-item\"><figure><img decoding=\"async\" width=\"1024\" height=\"768\" data-attachment-id=\"61350\" data-permalink=\"https:\/\/eldiariodesanpedro.com.ar\/sitio\/por-la-gran-bajante-del-parana-logran-imagenes-del-elgar-un-buque-tragado-por-una-isla-hace-85-anos\/antiguo-pescador-del-lugar-sr-antonio-colom-97-anos\/\" data-orig-file=\"https:\/\/eldiariodesanpedro.com.ar\/sitio\/wp-content\/uploads\/2019\/10\/Antiguo-pescador-del-lugar-Sr.-Antonio-Colom-97-a\u00f1os.jpg\" data-orig-size=\"1280,960\" data-comments-opened=\"1\" data-image-meta=\"{&quot;aperture&quot;:&quot;0&quot;,&quot;credit&quot;:&quot;&quot;,&quot;camera&quot;:&quot;&quot;,&quot;caption&quot;:&quot;&quot;,&quot;created_timestamp&quot;:&quot;0&quot;,&quot;copyright&quot;:&quot;&quot;,&quot;focal_length&quot;:&quot;0&quot;,&quot;iso&quot;:&quot;0&quot;,&quot;shutter_speed&quot;:&quot;0&quot;,&quot;title&quot;:&quot;&quot;,&quot;orientation&quot;:&quot;0&quot;}\" data-image-title=\"Antiguo pescador del lugar-Sr. Antonio Colom-97 a\u00f1os\" data-image-description=\"\" data-image-caption=\"\" data-large-file=\"https:\/\/eldiariodesanpedro.com.ar\/sitio\/wp-content\/uploads\/2019\/10\/Antiguo-pescador-del-lugar-Sr.-Antonio-Colom-97-a\u00f1os-1024x768.jpg\" data-src=\"https:\/\/eldiariodesanpedro.com.ar\/sitio\/wp-content\/uploads\/2019\/10\/Antiguo-pescador-del-lugar-Sr.-Antonio-Colom-97-a\u00f1os-1024x768.jpg\" alt=\"\" data-id=\"61350\" data-link=\"https:\/\/eldiariodesanpedro.com.ar\/sitio\/?attachment_id=61350\" class=\"wp-image-61350 lazyload\" data-srcset=\"https:\/\/eldiariodesanpedro.com.ar\/sitio\/wp-content\/uploads\/2019\/10\/Antiguo-pescador-del-lugar-Sr.-Antonio-Colom-97-a\u00f1os-1024x768.jpg 1024w, https:\/\/eldiariodesanpedro.com.ar\/sitio\/wp-content\/uploads\/2019\/10\/Antiguo-pescador-del-lugar-Sr.-Antonio-Colom-97-a\u00f1os-300x225.jpg 300w, https:\/\/eldiariodesanpedro.com.ar\/sitio\/wp-content\/uploads\/2019\/10\/Antiguo-pescador-del-lugar-Sr.-Antonio-Colom-97-a\u00f1os-768x576.jpg 768w, https:\/\/eldiariodesanpedro.com.ar\/sitio\/wp-content\/uploads\/2019\/10\/Antiguo-pescador-del-lugar-Sr.-Antonio-Colom-97-a\u00f1os.jpg 1280w\" data-sizes=\"(max-width: 1024px) 100vw, 1024px\" src=\"data:image\/svg+xml;base64,PHN2ZyB3aWR0aD0iMSIgaGVpZ2h0PSIxIiB4bWxucz0iaHR0cDovL3d3dy53My5vcmcvMjAwMC9zdmciPjwvc3ZnPg==\" style=\"--smush-placeholder-width: 1024px; --smush-placeholder-aspect-ratio: 1024\/768;\" \/><\/figure><\/li><li class=\"blocks-gallery-item\"><figure><img decoding=\"async\" width=\"1024\" height=\"710\" data-attachment-id=\"61349\" data-permalink=\"https:\/\/eldiariodesanpedro.com.ar\/sitio\/por-la-gran-bajante-del-parana-logran-imagenes-del-elgar-un-buque-tragado-por-una-isla-hace-85-anos\/aguilar-tettamanti-chiodini-saucedo-aguirre-saucedo\/\" data-orig-file=\"https:\/\/eldiariodesanpedro.com.ar\/sitio\/wp-content\/uploads\/2019\/10\/Aguilar-Tettamanti-Chiodini-Saucedo-Aguirre-Saucedo.jpg\" data-orig-size=\"2061,1430\" data-comments-opened=\"1\" data-image-meta=\"{&quot;aperture&quot;:&quot;8&quot;,&quot;credit&quot;:&quot;&quot;,&quot;camera&quot;:&quot;DSC-W830&quot;,&quot;caption&quot;:&quot;&quot;,&quot;created_timestamp&quot;:&quot;1569508181&quot;,&quot;copyright&quot;:&quot;&quot;,&quot;focal_length&quot;:&quot;4.5&quot;,&quot;iso&quot;:&quot;80&quot;,&quot;shutter_speed&quot;:&quot;0.005&quot;,&quot;title&quot;:&quot;&quot;,&quot;orientation&quot;:&quot;1&quot;}\" data-image-title=\"Aguilar-Tettamanti-Chiodini-Saucedo-Aguirre-Saucedo\" data-image-description=\"\" data-image-caption=\"\" data-large-file=\"https:\/\/eldiariodesanpedro.com.ar\/sitio\/wp-content\/uploads\/2019\/10\/Aguilar-Tettamanti-Chiodini-Saucedo-Aguirre-Saucedo-1024x710.jpg\" data-src=\"https:\/\/eldiariodesanpedro.com.ar\/sitio\/wp-content\/uploads\/2019\/10\/Aguilar-Tettamanti-Chiodini-Saucedo-Aguirre-Saucedo-1024x710.jpg\" alt=\"\" data-id=\"61349\" data-link=\"https:\/\/eldiariodesanpedro.com.ar\/sitio\/?attachment_id=61349\" class=\"wp-image-61349 lazyload\" data-srcset=\"https:\/\/eldiariodesanpedro.com.ar\/sitio\/wp-content\/uploads\/2019\/10\/Aguilar-Tettamanti-Chiodini-Saucedo-Aguirre-Saucedo-1024x710.jpg 1024w, https:\/\/eldiariodesanpedro.com.ar\/sitio\/wp-content\/uploads\/2019\/10\/Aguilar-Tettamanti-Chiodini-Saucedo-Aguirre-Saucedo-300x208.jpg 300w, https:\/\/eldiariodesanpedro.com.ar\/sitio\/wp-content\/uploads\/2019\/10\/Aguilar-Tettamanti-Chiodini-Saucedo-Aguirre-Saucedo-768x533.jpg 768w, https:\/\/eldiariodesanpedro.com.ar\/sitio\/wp-content\/uploads\/2019\/10\/Aguilar-Tettamanti-Chiodini-Saucedo-Aguirre-Saucedo-392x272.jpg 392w, https:\/\/eldiariodesanpedro.com.ar\/sitio\/wp-content\/uploads\/2019\/10\/Aguilar-Tettamanti-Chiodini-Saucedo-Aguirre-Saucedo-130x90.jpg 130w\" data-sizes=\"(max-width: 1024px) 100vw, 1024px\" src=\"data:image\/svg+xml;base64,PHN2ZyB3aWR0aD0iMSIgaGVpZ2h0PSIxIiB4bWxucz0iaHR0cDovL3d3dy53My5vcmcvMjAwMC9zdmciPjwvc3ZnPg==\" style=\"--smush-placeholder-width: 1024px; --smush-placeholder-aspect-ratio: 1024\/710;\" \/><\/figure><\/li><\/ul>\n","protected":false},"excerpt":{"rendered":"<p>El 25 de noviembre de 1934, el \u201cElgar\u201d pasaba frente a la ciudad de San Pedro. Remontaba el r\u00edo Paran\u00e1 con su carga cuando, por motivos desconocidos, se var\u00f3 en un banco de limo sumergido que por aquella \u00e9poca se estaba comenzando a desarrollar en el sector Este de la Isla del Medio, una porci\u00f3n [&hellip;]<\/p>\n","protected":false},"author":4,"featured_media":61349,"comment_status":"open","ping_status":"closed","sticky":false,"template":"","format":"standard","meta":{"om_disable_all_campaigns":false,"_jetpack_memberships_contains_paid_content":false,"footnotes":""},"categories":[101,2],"tags":[],"class_list":["post-61348","post","type-post","status-publish","format-standard","has-post-thumbnail","hentry","category-interes-general-locales","category-locales"],"aioseo_notices":[],"gutentor_comment":0,"jetpack_featured_media_url":"https:\/\/eldiariodesanpedro.com.ar\/sitio\/wp-content\/uploads\/2019\/10\/Aguilar-Tettamanti-Chiodini-Saucedo-Aguirre-Saucedo.jpg","jetpack_shortlink":"https:\/\/wp.me\/p6RhLt-fXu","jetpack_sharing_enabled":true,"_links":{"self":[{"href":"https:\/\/eldiariodesanpedro.com.ar\/sitio\/wp-json\/wp\/v2\/posts\/61348","targetHints":{"allow":["GET"]}}],"collection":[{"href":"https:\/\/eldiariodesanpedro.com.ar\/sitio\/wp-json\/wp\/v2\/posts"}],"about":[{"href":"https:\/\/eldiariodesanpedro.com.ar\/sitio\/wp-json\/wp\/v2\/types\/post"}],"author":[{"embeddable":true,"href":"https:\/\/eldiariodesanpedro.com.ar\/sitio\/wp-json\/wp\/v2\/users\/4"}],"replies":[{"embeddable":true,"href":"https:\/\/eldiariodesanpedro.com.ar\/sitio\/wp-json\/wp\/v2\/comments?post=61348"}],"version-history":[{"count":1,"href":"https:\/\/eldiariodesanpedro.com.ar\/sitio\/wp-json\/wp\/v2\/posts\/61348\/revisions"}],"predecessor-version":[{"id":61359,"href":"https:\/\/eldiariodesanpedro.com.ar\/sitio\/wp-json\/wp\/v2\/posts\/61348\/revisions\/61359"}],"wp:featuredmedia":[{"embeddable":true,"href":"https:\/\/eldiariodesanpedro.com.ar\/sitio\/wp-json\/wp\/v2\/media\/61349"}],"wp:attachment":[{"href":"https:\/\/eldiariodesanpedro.com.ar\/sitio\/wp-json\/wp\/v2\/media?parent=61348"}],"wp:term":[{"taxonomy":"category","embeddable":true,"href":"https:\/\/eldiariodesanpedro.com.ar\/sitio\/wp-json\/wp\/v2\/categories?post=61348"},{"taxonomy":"post_tag","embeddable":true,"href":"https:\/\/eldiariodesanpedro.com.ar\/sitio\/wp-json\/wp\/v2\/tags?post=61348"}],"curies":[{"name":"wp","href":"https:\/\/api.w.org\/{rel}","templated":true}]}}