{"id":61345,"date":"2019-10-06T13:54:11","date_gmt":"2019-10-06T16:54:11","guid":{"rendered":"https:\/\/eldiariodesanpedro.com.ar\/sitio\/?p=61345"},"modified":"2019-10-06T13:54:16","modified_gmt":"2019-10-06T16:54:16","slug":"san-nicolas-secuestran-cinco-armas-en-un-allanamiento","status":"publish","type":"post","link":"https:\/\/eldiariodesanpedro.com.ar\/sitio\/san-nicolas-secuestran-cinco-armas-en-un-allanamiento\/","title":{"rendered":"SAN NICOL\u00c1S | Secuestran cinco armas en un allanamiento"},"content":{"rendered":"<!-- VideographyWP Plugin Message: Automatic video embedding prevented by plugin options. -->\n\n<p>\n\nEn el marco de una investigaci\u00f3n por un robo ocurrido el 1 de octubre de este a\u00f1o en nuestra ciudad, donde ladrones ingresaron por el techo de un comercio dedicado a la venta de veh\u00edculos, bicicletas de alta gama y accesorios llev\u00e1ndose varios elementos de valor, se efectu\u00f3 una orden de allanamiento en un domicilio ubicado sobre el camino rural en la localidad de J. B. Molina, Pcia. de Santa Fe.<\/p>\n\n\n\n<p>En el lugar, se procedi\u00f3 a la aprehensi\u00f3n de uno de los sospechosos, identificado como Leonardo Fabi\u00e1n Kappes. Adem\u00e1s, se procedi\u00f3 al secuestro de un total de circo armas: dos escopetas calibre 16; una carabina calibre 22; una escopeta calibre 18 y una escopeta doble ca\u00f1o calibre.<br><br>Adem\u00e1s, se realizaron dos allanamientos m\u00e1s, ambos en la localidad de Conesa. Fueron aprehendidos Sergio Denis R\u00edos y Juan Ignacio Gimenez.<br><br>En la causa intervino la Fiscal\u00eda N\u00b0 4 de San Nicol\u00e1s. Se labraron actuaciones por Tenencia Ilegal de Arma de Uso Civil y Robo esclarecido.<\/p>\n\n\n\n<p>Fuente: Diario El Informante<\/p>\n","protected":false},"excerpt":{"rendered":"<p>En el marco de una investigaci\u00f3n por un robo ocurrido el 1 de octubre de este a\u00f1o en nuestra ciudad, donde ladrones ingresaron por el techo de un comercio dedicado a la venta de veh\u00edculos, bicicletas de alta gama y accesorios llev\u00e1ndose varios elementos de valor, se efectu\u00f3 una orden de allanamiento en un domicilio [&hellip;]<\/p>\n","protected":false},"author":4,"featured_media":61346,"comment_status":"open","ping_status":"closed","sticky":false,"template":"","format":"standard","meta":{"om_disable_all_campaigns":false,"_jetpack_memberships_contains_paid_content":false,"footnotes":""},"categories":[621],"tags":[],"class_list":["post-61345","post","type-post","status-publish","format-standard","has-post-thumbnail","hentry","category-regionales"],"aioseo_notices":[],"gutentor_comment":0,"jetpack_featured_media_url":"https:\/\/eldiariodesanpedro.com.ar\/sitio\/wp-content\/uploads\/2019\/10\/captura_de_pantalla_de_2019-10-06_12-05-37.jpg","jetpack_shortlink":"https:\/\/wp.me\/p6RhLt-fXr","jetpack_sharing_enabled":true,"_links":{"self":[{"href":"https:\/\/eldiariodesanpedro.com.ar\/sitio\/wp-json\/wp\/v2\/posts\/61345","targetHints":{"allow":["GET"]}}],"collection":[{"href":"https:\/\/eldiariodesanpedro.com.ar\/sitio\/wp-json\/wp\/v2\/posts"}],"about":[{"href":"https:\/\/eldiariodesanpedro.com.ar\/sitio\/wp-json\/wp\/v2\/types\/post"}],"author":[{"embeddable":true,"href":"https:\/\/eldiariodesanpedro.com.ar\/sitio\/wp-json\/wp\/v2\/users\/4"}],"replies":[{"embeddable":true,"href":"https:\/\/eldiariodesanpedro.com.ar\/sitio\/wp-json\/wp\/v2\/comments?post=61345"}],"version-history":[{"count":1,"href":"https:\/\/eldiariodesanpedro.com.ar\/sitio\/wp-json\/wp\/v2\/posts\/61345\/revisions"}],"predecessor-version":[{"id":61347,"href":"https:\/\/eldiariodesanpedro.com.ar\/sitio\/wp-json\/wp\/v2\/posts\/61345\/revisions\/61347"}],"wp:featuredmedia":[{"embeddable":true,"href":"https:\/\/eldiariodesanpedro.com.ar\/sitio\/wp-json\/wp\/v2\/media\/61346"}],"wp:attachment":[{"href":"https:\/\/eldiariodesanpedro.com.ar\/sitio\/wp-json\/wp\/v2\/media?parent=61345"}],"wp:term":[{"taxonomy":"category","embeddable":true,"href":"https:\/\/eldiariodesanpedro.com.ar\/sitio\/wp-json\/wp\/v2\/categories?post=61345"},{"taxonomy":"post_tag","embeddable":true,"href":"https:\/\/eldiariodesanpedro.com.ar\/sitio\/wp-json\/wp\/v2\/tags?post=61345"}],"curies":[{"name":"wp","href":"https:\/\/api.w.org\/{rel}","templated":true}]}}