{"id":61339,"date":"2019-10-05T11:57:38","date_gmt":"2019-10-05T14:57:38","guid":{"rendered":"https:\/\/eldiariodesanpedro.com.ar\/sitio\/?p=61339"},"modified":"2019-10-05T11:57:43","modified_gmt":"2019-10-05T14:57:43","slug":"aprehendidos-por-romper-vidrios-en-autos-estacionados","status":"publish","type":"post","link":"https:\/\/eldiariodesanpedro.com.ar\/sitio\/aprehendidos-por-romper-vidrios-en-autos-estacionados\/","title":{"rendered":"Aprehendidos por romper vidrios en autos estacionados"},"content":{"rendered":"<!-- VideographyWP Plugin Message: Automatic video embedding prevented by plugin options. -->\n\n<p>Tras r\u00e1pido accionar dos personas fueron aprehendidos luego de provocar da\u00f1os en dos autom\u00f3viles estacionados en la v\u00eda publica.<\/p>\n\n\n\n<p>Un joven de 16 a\u00f1os y un hombre de 30, fueron aprehendidos este viernes luego de romper vidrios de dos autos estacionados.<\/p>\n\n\n\n<p>Sucedi\u00f3 en inmediaciones de Col\u00f3n y Socorro, el menor junto al sujeto mayor de edad sustraen ademas elementos del interior.<\/p>\n\n\n\n<p>Los efectivos tras el alerta y rapido accionar logran aprehender a los dos delincuentes y secuestrar en su poder, los elementos que hab\u00edan robado.<br><\/p>\n\n\n\n<p>El menor qued\u00f3 a disposici\u00f3n de la UFI del Joven de San Nicol\u00e1s, y el mayor, de la UFI en turno de San Pedro. <\/p>\n","protected":false},"excerpt":{"rendered":"<p>Tras r\u00e1pido accionar dos personas fueron aprehendidos luego de provocar da\u00f1os en dos autom\u00f3viles estacionados en la v\u00eda publica. Un joven de 16 a\u00f1os y un hombre de 30, fueron aprehendidos este viernes luego de romper vidrios de dos autos estacionados. Sucedi\u00f3 en inmediaciones de Col\u00f3n y Socorro, el menor junto al sujeto mayor de [&hellip;]<\/p>\n","protected":false},"author":4,"featured_media":61340,"comment_status":"open","ping_status":"closed","sticky":false,"template":"","format":"standard","meta":{"om_disable_all_campaigns":false,"_jetpack_memberships_contains_paid_content":false,"footnotes":""},"categories":[2,103],"tags":[],"class_list":["post-61339","post","type-post","status-publish","format-standard","has-post-thumbnail","hentry","category-locales","category-policiales-locales"],"aioseo_notices":[],"gutentor_comment":0,"jetpack_featured_media_url":"https:\/\/eldiariodesanpedro.com.ar\/sitio\/wp-content\/uploads\/2019\/10\/106482.jpg","jetpack_shortlink":"https:\/\/wp.me\/p6RhLt-fXl","jetpack_sharing_enabled":true,"_links":{"self":[{"href":"https:\/\/eldiariodesanpedro.com.ar\/sitio\/wp-json\/wp\/v2\/posts\/61339","targetHints":{"allow":["GET"]}}],"collection":[{"href":"https:\/\/eldiariodesanpedro.com.ar\/sitio\/wp-json\/wp\/v2\/posts"}],"about":[{"href":"https:\/\/eldiariodesanpedro.com.ar\/sitio\/wp-json\/wp\/v2\/types\/post"}],"author":[{"embeddable":true,"href":"https:\/\/eldiariodesanpedro.com.ar\/sitio\/wp-json\/wp\/v2\/users\/4"}],"replies":[{"embeddable":true,"href":"https:\/\/eldiariodesanpedro.com.ar\/sitio\/wp-json\/wp\/v2\/comments?post=61339"}],"version-history":[{"count":1,"href":"https:\/\/eldiariodesanpedro.com.ar\/sitio\/wp-json\/wp\/v2\/posts\/61339\/revisions"}],"predecessor-version":[{"id":61341,"href":"https:\/\/eldiariodesanpedro.com.ar\/sitio\/wp-json\/wp\/v2\/posts\/61339\/revisions\/61341"}],"wp:featuredmedia":[{"embeddable":true,"href":"https:\/\/eldiariodesanpedro.com.ar\/sitio\/wp-json\/wp\/v2\/media\/61340"}],"wp:attachment":[{"href":"https:\/\/eldiariodesanpedro.com.ar\/sitio\/wp-json\/wp\/v2\/media?parent=61339"}],"wp:term":[{"taxonomy":"category","embeddable":true,"href":"https:\/\/eldiariodesanpedro.com.ar\/sitio\/wp-json\/wp\/v2\/categories?post=61339"},{"taxonomy":"post_tag","embeddable":true,"href":"https:\/\/eldiariodesanpedro.com.ar\/sitio\/wp-json\/wp\/v2\/tags?post=61339"}],"curies":[{"name":"wp","href":"https:\/\/api.w.org\/{rel}","templated":true}]}}