{"id":61331,"date":"2019-10-05T11:17:53","date_gmt":"2019-10-05T14:17:53","guid":{"rendered":"https:\/\/eldiariodesanpedro.com.ar\/sitio\/?p=61331"},"modified":"2019-10-05T11:17:58","modified_gmt":"2019-10-05T14:17:58","slug":"denuncia-vendio-el-telefono-y-todavia-no-se-lo-pagaron","status":"publish","type":"post","link":"https:\/\/eldiariodesanpedro.com.ar\/sitio\/denuncia-vendio-el-telefono-y-todavia-no-se-lo-pagaron\/","title":{"rendered":"Denuncia: Vendi\u00f3 el tel\u00e9fono y todav\u00eda no se lo pagaron"},"content":{"rendered":"<!-- VideographyWP Plugin Message: Automatic video embedding prevented by plugin options. -->\n\n<p>Una mujer de 48 a\u00f1os de edad, radico una denuncia en la comisaria local contando haber vendido su tel\u00e9fono y todav\u00eda no tener respuesta del dinero.<\/p>\n\n\n\n<p>Sucedi\u00f3 en el mes de junio, cuando la ciudadana le vende de buena fe su tel\u00e9fono celular marca Samsung J4 de color dorado a su vecina, pactando un plan de pago a seis meses.<\/p>\n\n\n\n<p>La ciudadana denuncia que desde que se lo entrego al equipo hasta la fecha no ha abonado la cuota acordad.<\/p>\n\n\n\n<p><\/p>\n","protected":false},"excerpt":{"rendered":"<p>Una mujer de 48 a\u00f1os de edad, radico una denuncia en la comisaria local contando haber vendido su tel\u00e9fono y todav\u00eda no tener respuesta del dinero. Sucedi\u00f3 en el mes de junio, cuando la ciudadana le vende de buena fe su tel\u00e9fono celular marca Samsung J4 de color dorado a su vecina, pactando un plan [&hellip;]<\/p>\n","protected":false},"author":4,"featured_media":58374,"comment_status":"open","ping_status":"closed","sticky":false,"template":"","format":"standard","meta":{"om_disable_all_campaigns":false,"_jetpack_memberships_contains_paid_content":false,"footnotes":""},"categories":[2,103],"tags":[],"class_list":["post-61331","post","type-post","status-publish","format-standard","has-post-thumbnail","hentry","category-locales","category-policiales-locales"],"aioseo_notices":[],"gutentor_comment":0,"jetpack_featured_media_url":"https:\/\/eldiariodesanpedro.com.ar\/sitio\/wp-content\/uploads\/2019\/08\/comisaria-696x510.jpg","jetpack_shortlink":"https:\/\/wp.me\/p6RhLt-fXd","jetpack_sharing_enabled":true,"_links":{"self":[{"href":"https:\/\/eldiariodesanpedro.com.ar\/sitio\/wp-json\/wp\/v2\/posts\/61331","targetHints":{"allow":["GET"]}}],"collection":[{"href":"https:\/\/eldiariodesanpedro.com.ar\/sitio\/wp-json\/wp\/v2\/posts"}],"about":[{"href":"https:\/\/eldiariodesanpedro.com.ar\/sitio\/wp-json\/wp\/v2\/types\/post"}],"author":[{"embeddable":true,"href":"https:\/\/eldiariodesanpedro.com.ar\/sitio\/wp-json\/wp\/v2\/users\/4"}],"replies":[{"embeddable":true,"href":"https:\/\/eldiariodesanpedro.com.ar\/sitio\/wp-json\/wp\/v2\/comments?post=61331"}],"version-history":[{"count":1,"href":"https:\/\/eldiariodesanpedro.com.ar\/sitio\/wp-json\/wp\/v2\/posts\/61331\/revisions"}],"predecessor-version":[{"id":61332,"href":"https:\/\/eldiariodesanpedro.com.ar\/sitio\/wp-json\/wp\/v2\/posts\/61331\/revisions\/61332"}],"wp:featuredmedia":[{"embeddable":true,"href":"https:\/\/eldiariodesanpedro.com.ar\/sitio\/wp-json\/wp\/v2\/media\/58374"}],"wp:attachment":[{"href":"https:\/\/eldiariodesanpedro.com.ar\/sitio\/wp-json\/wp\/v2\/media?parent=61331"}],"wp:term":[{"taxonomy":"category","embeddable":true,"href":"https:\/\/eldiariodesanpedro.com.ar\/sitio\/wp-json\/wp\/v2\/categories?post=61331"},{"taxonomy":"post_tag","embeddable":true,"href":"https:\/\/eldiariodesanpedro.com.ar\/sitio\/wp-json\/wp\/v2\/tags?post=61331"}],"curies":[{"name":"wp","href":"https:\/\/api.w.org\/{rel}","templated":true}]}}