{"id":61327,"date":"2019-10-05T11:08:24","date_gmt":"2019-10-05T14:08:24","guid":{"rendered":"https:\/\/eldiariodesanpedro.com.ar\/sitio\/?p=61327"},"modified":"2019-10-05T11:12:37","modified_gmt":"2019-10-05T14:12:37","slug":"detenido-por-abuso-sexual-agravado","status":"publish","type":"post","link":"https:\/\/eldiariodesanpedro.com.ar\/sitio\/detenido-por-abuso-sexual-agravado\/","title":{"rendered":"Detenido por \u00ababuso sexual agravado\u00bb"},"content":{"rendered":"<!-- VideographyWP Plugin Message: Automatic video embedding prevented by plugin options. -->\n\n<p>Sucedi\u00f3 por la tarde del viernes, por una denuncia iniciada en la Comisaria de la Mujer se diligencio una orden de allanamiento en un domicilio de calle Espa\u00f1a.<\/p>\n\n\n\n<p>El procedimiento  se llevo a cabo con personal de Gabinete Criminol\u00f3gico\u00a0 de Comisaria, personal de  Sub DDI San pedro &#8211; Baradero, personal de la Comisaria de la Mujer, tras tareas investigativas por una Orden de Allanamiento otorgado por el Juzgado de Garantias N\u00b0 3, Dptal.<\/p>\n\n\n\n<p>La diligencia se procedi\u00f3 en una vivienda de calle Espa\u00f1a S\/N donde se detiene al morador, un hombre de 42 a\u00f1os de edad.<\/p>\n\n\n\n<p>La causa es intervenida por el Fiscal Marcelo Manso, titular de la Fiscalia Na\u00ba5 por actuaciones iniciadas en Cria de la Mujer y la Flia, cumplimentada la misma, por el delito caratulado ABUSO SEXUAL AGRAVADO.<\/p>\n\n\n\n<ul class=\"wp-block-gallery columns-1 is-cropped wp-block-gallery-1 is-layout-flex wp-block-gallery-is-layout-flex\"><li class=\"blocks-gallery-item\"><figure><img decoding=\"async\" width=\"1024\" height=\"1024\" data-attachment-id=\"61328\" data-permalink=\"https:\/\/eldiariodesanpedro.com.ar\/sitio\/picsart_10-05-10-55-17\/\" data-orig-file=\"https:\/\/eldiariodesanpedro.com.ar\/sitio\/wp-content\/uploads\/2019\/10\/PicsArt_10-05-10.55.17-e1570283848794.jpg\" data-orig-size=\"1200,1200\" data-comments-opened=\"1\" data-image-meta=\"{&quot;aperture&quot;:&quot;0&quot;,&quot;credit&quot;:&quot;207085862001102&quot;,&quot;camera&quot;:&quot;&quot;,&quot;caption&quot;:&quot;&quot;,&quot;created_timestamp&quot;:&quot;0&quot;,&quot;copyright&quot;:&quot;&quot;,&quot;focal_length&quot;:&quot;0&quot;,&quot;iso&quot;:&quot;0&quot;,&quot;shutter_speed&quot;:&quot;0&quot;,&quot;title&quot;:&quot;&quot;,&quot;orientation&quot;:&quot;1&quot;}\" data-image-title=\"PicsArt_10-05-10.55.17\" data-image-description=\"\" data-image-caption=\"\" data-large-file=\"https:\/\/eldiariodesanpedro.com.ar\/sitio\/wp-content\/uploads\/2019\/10\/PicsArt_10-05-10.55.17-1024x1024.jpg\" data-src=\"https:\/\/eldiariodesanpedro.com.ar\/sitio\/wp-content\/uploads\/2019\/10\/PicsArt_10-05-10.55.17-1024x1024.jpg\" alt=\"\" data-id=\"61328\" data-link=\"https:\/\/eldiariodesanpedro.com.ar\/sitio\/picsart_10-05-10-55-17\/\" class=\"wp-image-61328 lazyload\" src=\"data:image\/svg+xml;base64,PHN2ZyB3aWR0aD0iMSIgaGVpZ2h0PSIxIiB4bWxucz0iaHR0cDovL3d3dy53My5vcmcvMjAwMC9zdmciPjwvc3ZnPg==\" style=\"--smush-placeholder-width: 1024px; --smush-placeholder-aspect-ratio: 1024\/1024;\" \/><\/figure><\/li><\/ul>\n\n\n\n<p>Tambi\u00e9n por la misma tarde, el personal de Gabinete procedi\u00f3 a la detenci\u00f3n de otro masculino de 30, en inmediaciones de calle Guemes, quien registra pedido de captura y detenci\u00f3n a requerimiento del Juzgado de Ejecuci\u00f3n Penal San Nicolas.<\/p>\n\n\n\n<p>El delincuente de frondosos antecedentes fue puesto a disposici\u00f3n de la justicia.<br><\/p>\n","protected":false},"excerpt":{"rendered":"<p>Sucedi\u00f3 por la tarde del viernes, por una denuncia iniciada en la Comisaria de la Mujer se diligencio una orden de allanamiento en un domicilio de calle Espa\u00f1a. El procedimiento se llevo a cabo con personal de Gabinete Criminol\u00f3gico\u00a0 de Comisaria, personal de Sub DDI San pedro &#8211; Baradero, personal de la Comisaria de la [&hellip;]<\/p>\n","protected":false},"author":4,"featured_media":61328,"comment_status":"open","ping_status":"closed","sticky":false,"template":"","format":"standard","meta":{"om_disable_all_campaigns":false,"_jetpack_memberships_contains_paid_content":false,"footnotes":""},"categories":[50,2,103],"tags":[],"class_list":["post-61327","post","type-post","status-publish","format-standard","has-post-thumbnail","hentry","category-destacadas","category-locales","category-policiales-locales"],"aioseo_notices":[],"gutentor_comment":0,"jetpack_featured_media_url":"https:\/\/eldiariodesanpedro.com.ar\/sitio\/wp-content\/uploads\/2019\/10\/PicsArt_10-05-10.55.17-e1570283848794.jpg","jetpack_shortlink":"https:\/\/wp.me\/p6RhLt-fX9","jetpack_sharing_enabled":true,"_links":{"self":[{"href":"https:\/\/eldiariodesanpedro.com.ar\/sitio\/wp-json\/wp\/v2\/posts\/61327","targetHints":{"allow":["GET"]}}],"collection":[{"href":"https:\/\/eldiariodesanpedro.com.ar\/sitio\/wp-json\/wp\/v2\/posts"}],"about":[{"href":"https:\/\/eldiariodesanpedro.com.ar\/sitio\/wp-json\/wp\/v2\/types\/post"}],"author":[{"embeddable":true,"href":"https:\/\/eldiariodesanpedro.com.ar\/sitio\/wp-json\/wp\/v2\/users\/4"}],"replies":[{"embeddable":true,"href":"https:\/\/eldiariodesanpedro.com.ar\/sitio\/wp-json\/wp\/v2\/comments?post=61327"}],"version-history":[{"count":2,"href":"https:\/\/eldiariodesanpedro.com.ar\/sitio\/wp-json\/wp\/v2\/posts\/61327\/revisions"}],"predecessor-version":[{"id":61330,"href":"https:\/\/eldiariodesanpedro.com.ar\/sitio\/wp-json\/wp\/v2\/posts\/61327\/revisions\/61330"}],"wp:featuredmedia":[{"embeddable":true,"href":"https:\/\/eldiariodesanpedro.com.ar\/sitio\/wp-json\/wp\/v2\/media\/61328"}],"wp:attachment":[{"href":"https:\/\/eldiariodesanpedro.com.ar\/sitio\/wp-json\/wp\/v2\/media?parent=61327"}],"wp:term":[{"taxonomy":"category","embeddable":true,"href":"https:\/\/eldiariodesanpedro.com.ar\/sitio\/wp-json\/wp\/v2\/categories?post=61327"},{"taxonomy":"post_tag","embeddable":true,"href":"https:\/\/eldiariodesanpedro.com.ar\/sitio\/wp-json\/wp\/v2\/tags?post=61327"}],"curies":[{"name":"wp","href":"https:\/\/api.w.org\/{rel}","templated":true}]}}