{"id":61300,"date":"2019-10-05T09:15:44","date_gmt":"2019-10-05T12:15:44","guid":{"rendered":"https:\/\/eldiariodesanpedro.com.ar\/sitio\/?p=61300"},"modified":"2019-10-05T09:15:48","modified_gmt":"2019-10-05T12:15:48","slug":"presentacion-de-los-nuevos-puntos-wifi-libre-san-pedro","status":"publish","type":"post","link":"https:\/\/eldiariodesanpedro.com.ar\/sitio\/presentacion-de-los-nuevos-puntos-wifi-libre-san-pedro\/","title":{"rendered":"Presentaci\u00f3n de los nuevos puntos WiFi Libre San Pedro"},"content":{"rendered":"<!-- VideographyWP Plugin Message: Automatic video embedding prevented by plugin options. -->\n\n<p>Se realiz\u00f3 en el despacho del Intendente Municipal, la presentaci\u00f3n de los nuevos puntos WiFi Libre San Pedro.<\/p>\n\n\n\n<p>El encuentro cont\u00f3 con la presencia del Jefe Comunal, acompa\u00f1ado del Secretario de Obras P\u00fablicas Ariel \u00c1lvarez y el Director de Modernizaci\u00f3n Hern\u00e1n Contreras, y se dieron detalles del Plan de Instalaci\u00f3n de estos puntos WiFi Libre en nuestra ciudad.<\/p>\n\n\n\n<p>Actualmente, San Pedro cuenta con 6 puntos ya en funcionamiento (Punto Digital CIC, \u00c1reas de Internaci\u00f3n y Pediatr\u00eda del Hospital Dr. Emilio Ruffa, Centro Cultural Municipal Abelardo Castillo, Plaza Constituci\u00f3n, Palacio Municipal y Plazoleta \u201cM\u00e1stil de la Bandera\u00bb), a los que se suman 10 nuevos puntos en proceso de instalaci\u00f3n.<\/p>\n\n\n\n<p>Desde hace tiempo, la Direcci\u00f3n de Modernizaci\u00f3n viene trabajando en el desarrollo de la infraestructura necesaria para poder ampliar la red de conectividad y en este sentido, se anunci\u00f3 la llegada de internet al Centro de Salud \u201cLa Tosquera\u201d y la posterior llegada a los establecimientos educativos de esa zona.<\/p>\n\n\n\n<p>Nuevos puntos:<br>*Complejo Tur\u00edstico Municipal<br>*Paseo Publico Municipal 1 (Arboleda)<br>*Paseo Publico Municipal 2 (Parque)<br>*Paseo Publico Municipal 3 (Skate Park)<br>*Pasaje Agenor Almada<br>*Teatro Siripo<br>*Estadio Municipal<br>*Plaza Juan Bautista Zucchi (Rio Tala)<br>*Plaza San Mart\u00edn (Santa Luc\u00eda)<br>*Plaza San\u00a0Mart\u00edn\u00a0(Gobernador Castro) <\/p>\n\n\n\n<ul class=\"wp-block-gallery columns-2 is-cropped wp-block-gallery-1 is-layout-flex wp-block-gallery-is-layout-flex\"><li class=\"blocks-gallery-item\"><figure><img decoding=\"async\" width=\"4913\" height=\"2812\" data-attachment-id=\"61301\" data-permalink=\"https:\/\/eldiariodesanpedro.com.ar\/sitio\/presentacion-de-los-nuevos-puntos-wifi-libre-san-pedro\/bi4a4257\/\" data-orig-file=\"https:\/\/eldiariodesanpedro.com.ar\/sitio\/wp-content\/uploads\/2019\/10\/BI4A4257.jpg\" data-orig-size=\"4913,2812\" data-comments-opened=\"1\" data-image-meta=\"{&quot;aperture&quot;:&quot;4&quot;,&quot;credit&quot;:&quot;&quot;,&quot;camera&quot;:&quot;Canon EOS 5D Mark III&quot;,&quot;caption&quot;:&quot;&quot;,&quot;created_timestamp&quot;:&quot;1577872708&quot;,&quot;copyright&quot;:&quot;&quot;,&quot;focal_length&quot;:&quot;32&quot;,&quot;iso&quot;:&quot;1000&quot;,&quot;shutter_speed&quot;:&quot;0.0125&quot;,&quot;title&quot;:&quot;&quot;,&quot;orientation&quot;:&quot;0&quot;}\" data-image-title=\"BI4A4257\" data-image-description=\"\" data-image-caption=\"\" data-large-file=\"https:\/\/eldiariodesanpedro.com.ar\/sitio\/wp-content\/uploads\/2019\/10\/BI4A4257-1024x586.jpg\" data-src=\"https:\/\/i2.wp.com\/eldiariodesanpedro.com.ar\/sitio\/wp-content\/uploads\/2019\/10\/BI4A4257.jpg?fit=660%2C378\" alt=\"\" data-id=\"61301\" data-link=\"https:\/\/eldiariodesanpedro.com.ar\/sitio\/?attachment_id=61301\" class=\"wp-image-61301 lazyload\" data-srcset=\"https:\/\/eldiariodesanpedro.com.ar\/sitio\/wp-content\/uploads\/2019\/10\/BI4A4257.jpg 4913w, https:\/\/eldiariodesanpedro.com.ar\/sitio\/wp-content\/uploads\/2019\/10\/BI4A4257-300x172.jpg 300w, https:\/\/eldiariodesanpedro.com.ar\/sitio\/wp-content\/uploads\/2019\/10\/BI4A4257-768x440.jpg 768w, https:\/\/eldiariodesanpedro.com.ar\/sitio\/wp-content\/uploads\/2019\/10\/BI4A4257-1024x586.jpg 1024w\" data-sizes=\"(max-width: 4913px) 100vw, 4913px\" src=\"data:image\/svg+xml;base64,PHN2ZyB3aWR0aD0iMSIgaGVpZ2h0PSIxIiB4bWxucz0iaHR0cDovL3d3dy53My5vcmcvMjAwMC9zdmciPjwvc3ZnPg==\" style=\"--smush-placeholder-width: 4913px; --smush-placeholder-aspect-ratio: 4913\/2812;\" \/><\/figure><\/li><li class=\"blocks-gallery-item\"><figure><img decoding=\"async\" width=\"5488\" height=\"3348\" data-attachment-id=\"61302\" data-permalink=\"https:\/\/eldiariodesanpedro.com.ar\/sitio\/presentacion-de-los-nuevos-puntos-wifi-libre-san-pedro\/bi4a4287\/\" data-orig-file=\"https:\/\/eldiariodesanpedro.com.ar\/sitio\/wp-content\/uploads\/2019\/10\/BI4A4287.jpg\" data-orig-size=\"5488,3348\" data-comments-opened=\"1\" data-image-meta=\"{&quot;aperture&quot;:&quot;4&quot;,&quot;credit&quot;:&quot;&quot;,&quot;camera&quot;:&quot;Canon EOS 5D Mark III&quot;,&quot;caption&quot;:&quot;&quot;,&quot;created_timestamp&quot;:&quot;1577873758&quot;,&quot;copyright&quot;:&quot;&quot;,&quot;focal_length&quot;:&quot;24&quot;,&quot;iso&quot;:&quot;1600&quot;,&quot;shutter_speed&quot;:&quot;0.016666666666667&quot;,&quot;title&quot;:&quot;&quot;,&quot;orientation&quot;:&quot;0&quot;}\" data-image-title=\"BI4A4287\" data-image-description=\"\" data-image-caption=\"\" data-large-file=\"https:\/\/eldiariodesanpedro.com.ar\/sitio\/wp-content\/uploads\/2019\/10\/BI4A4287-1024x625.jpg\" data-src=\"https:\/\/i0.wp.com\/eldiariodesanpedro.com.ar\/sitio\/wp-content\/uploads\/2019\/10\/BI4A4287.jpg?fit=660%2C403\" alt=\"\" data-id=\"61302\" data-link=\"https:\/\/eldiariodesanpedro.com.ar\/sitio\/?attachment_id=61302\" class=\"wp-image-61302 lazyload\" data-srcset=\"https:\/\/eldiariodesanpedro.com.ar\/sitio\/wp-content\/uploads\/2019\/10\/BI4A4287.jpg 5488w, https:\/\/eldiariodesanpedro.com.ar\/sitio\/wp-content\/uploads\/2019\/10\/BI4A4287-300x183.jpg 300w, https:\/\/eldiariodesanpedro.com.ar\/sitio\/wp-content\/uploads\/2019\/10\/BI4A4287-768x469.jpg 768w, https:\/\/eldiariodesanpedro.com.ar\/sitio\/wp-content\/uploads\/2019\/10\/BI4A4287-1024x625.jpg 1024w\" data-sizes=\"(max-width: 5488px) 100vw, 5488px\" src=\"data:image\/svg+xml;base64,PHN2ZyB3aWR0aD0iMSIgaGVpZ2h0PSIxIiB4bWxucz0iaHR0cDovL3d3dy53My5vcmcvMjAwMC9zdmciPjwvc3ZnPg==\" style=\"--smush-placeholder-width: 5488px; --smush-placeholder-aspect-ratio: 5488\/3348;\" \/><\/figure><\/li><\/ul>\n","protected":false},"excerpt":{"rendered":"<p>Se realiz\u00f3 en el despacho del Intendente Municipal, la presentaci\u00f3n de los nuevos puntos WiFi Libre San Pedro. El encuentro cont\u00f3 con la presencia del Jefe Comunal, acompa\u00f1ado del Secretario de Obras P\u00fablicas Ariel \u00c1lvarez y el Director de Modernizaci\u00f3n Hern\u00e1n Contreras, y se dieron detalles del Plan de Instalaci\u00f3n de estos puntos WiFi Libre [&hellip;]<\/p>\n","protected":false},"author":4,"featured_media":61301,"comment_status":"open","ping_status":"closed","sticky":false,"template":"","format":"standard","meta":{"om_disable_all_campaigns":false,"_jetpack_memberships_contains_paid_content":false,"footnotes":""},"categories":[101,2],"tags":[],"class_list":["post-61300","post","type-post","status-publish","format-standard","has-post-thumbnail","hentry","category-interes-general-locales","category-locales"],"aioseo_notices":[],"gutentor_comment":0,"jetpack_featured_media_url":"https:\/\/eldiariodesanpedro.com.ar\/sitio\/wp-content\/uploads\/2019\/10\/BI4A4257.jpg","jetpack_shortlink":"https:\/\/wp.me\/p6RhLt-fWI","jetpack_sharing_enabled":true,"_links":{"self":[{"href":"https:\/\/eldiariodesanpedro.com.ar\/sitio\/wp-json\/wp\/v2\/posts\/61300","targetHints":{"allow":["GET"]}}],"collection":[{"href":"https:\/\/eldiariodesanpedro.com.ar\/sitio\/wp-json\/wp\/v2\/posts"}],"about":[{"href":"https:\/\/eldiariodesanpedro.com.ar\/sitio\/wp-json\/wp\/v2\/types\/post"}],"author":[{"embeddable":true,"href":"https:\/\/eldiariodesanpedro.com.ar\/sitio\/wp-json\/wp\/v2\/users\/4"}],"replies":[{"embeddable":true,"href":"https:\/\/eldiariodesanpedro.com.ar\/sitio\/wp-json\/wp\/v2\/comments?post=61300"}],"version-history":[{"count":1,"href":"https:\/\/eldiariodesanpedro.com.ar\/sitio\/wp-json\/wp\/v2\/posts\/61300\/revisions"}],"predecessor-version":[{"id":61303,"href":"https:\/\/eldiariodesanpedro.com.ar\/sitio\/wp-json\/wp\/v2\/posts\/61300\/revisions\/61303"}],"wp:featuredmedia":[{"embeddable":true,"href":"https:\/\/eldiariodesanpedro.com.ar\/sitio\/wp-json\/wp\/v2\/media\/61301"}],"wp:attachment":[{"href":"https:\/\/eldiariodesanpedro.com.ar\/sitio\/wp-json\/wp\/v2\/media?parent=61300"}],"wp:term":[{"taxonomy":"category","embeddable":true,"href":"https:\/\/eldiariodesanpedro.com.ar\/sitio\/wp-json\/wp\/v2\/categories?post=61300"},{"taxonomy":"post_tag","embeddable":true,"href":"https:\/\/eldiariodesanpedro.com.ar\/sitio\/wp-json\/wp\/v2\/tags?post=61300"}],"curies":[{"name":"wp","href":"https:\/\/api.w.org\/{rel}","templated":true}]}}