{"id":61281,"date":"2019-10-04T18:50:45","date_gmt":"2019-10-04T21:50:45","guid":{"rendered":"https:\/\/eldiariodesanpedro.com.ar\/sitio\/?p=61281"},"modified":"2019-10-04T18:51:16","modified_gmt":"2019-10-04T21:51:16","slug":"octubre-actividades-en-el-centro-cultural-abelardo-castillo","status":"publish","type":"post","link":"https:\/\/eldiariodesanpedro.com.ar\/sitio\/octubre-actividades-en-el-centro-cultural-abelardo-castillo\/","title":{"rendered":"Octubre: Actividades en el Centro Cultural Abelardo Castillo"},"content":{"rendered":"<!-- VideographyWP Plugin Message: Automatic video embedding prevented by plugin options. -->\n\n<p>Desde la Municipalidad presentaron las actividades para este fin de semana y todo octubre.<\/p>\n\n\n\n<p>&nbsp;En esta oportunidad la muestra mensual pertenece al fot\u00f3grafo Vicente \u00abCacho\u00bb Scocimarra que retrata su pas\u00f3 por distintas partes del mundo y la Argentina.<\/p>\n\n\n\n<p>Scocimarra comenz\u00f3 con la fotograf\u00eda en el a\u00f1o 1958. Fue fundador del Foto Club San Pedro y del Foto Club de Fifa en Capital Federal.<\/p>\n\n\n\n<p>Se denomina fot\u00f3grafo de naturaleza. Se re\u00fane habitualmente con colegas que realizan safaris en diversos lugares.<\/p>\n\n\n\n<ul class=\"wp-block-gallery columns-2 is-cropped wp-block-gallery-1 is-layout-flex wp-block-gallery-is-layout-flex\"><li class=\"blocks-gallery-item\"><figure><img decoding=\"async\" width=\"960\" height=\"720\" data-attachment-id=\"61282\" data-permalink=\"https:\/\/eldiariodesanpedro.com.ar\/sitio\/octubre-actividades-en-el-centro-cultural-abelardo-castillo\/71436338_554586328416439_2058810844128477184_n\/\" data-orig-file=\"https:\/\/eldiariodesanpedro.com.ar\/sitio\/wp-content\/uploads\/2019\/10\/71436338_554586328416439_2058810844128477184_n.jpg\" data-orig-size=\"960,720\" data-comments-opened=\"1\" data-image-meta=\"{&quot;aperture&quot;:&quot;0&quot;,&quot;credit&quot;:&quot;&quot;,&quot;camera&quot;:&quot;&quot;,&quot;caption&quot;:&quot;&quot;,&quot;created_timestamp&quot;:&quot;0&quot;,&quot;copyright&quot;:&quot;&quot;,&quot;focal_length&quot;:&quot;0&quot;,&quot;iso&quot;:&quot;0&quot;,&quot;shutter_speed&quot;:&quot;0&quot;,&quot;title&quot;:&quot;&quot;,&quot;orientation&quot;:&quot;0&quot;}\" data-image-title=\"71436338_554586328416439_2058810844128477184_n\" data-image-description=\"\" data-image-caption=\"\" data-large-file=\"https:\/\/eldiariodesanpedro.com.ar\/sitio\/wp-content\/uploads\/2019\/10\/71436338_554586328416439_2058810844128477184_n.jpg\" data-src=\"https:\/\/eldiariodesanpedro.com.ar\/sitio\/wp-content\/uploads\/2019\/10\/71436338_554586328416439_2058810844128477184_n.jpg\" alt=\"\" data-id=\"61282\" data-link=\"https:\/\/eldiariodesanpedro.com.ar\/sitio\/?attachment_id=61282\" class=\"wp-image-61282 lazyload\" data-srcset=\"https:\/\/eldiariodesanpedro.com.ar\/sitio\/wp-content\/uploads\/2019\/10\/71436338_554586328416439_2058810844128477184_n.jpg 960w, https:\/\/eldiariodesanpedro.com.ar\/sitio\/wp-content\/uploads\/2019\/10\/71436338_554586328416439_2058810844128477184_n-300x225.jpg 300w, https:\/\/eldiariodesanpedro.com.ar\/sitio\/wp-content\/uploads\/2019\/10\/71436338_554586328416439_2058810844128477184_n-768x576.jpg 768w\" data-sizes=\"(max-width: 960px) 100vw, 960px\" src=\"data:image\/svg+xml;base64,PHN2ZyB3aWR0aD0iMSIgaGVpZ2h0PSIxIiB4bWxucz0iaHR0cDovL3d3dy53My5vcmcvMjAwMC9zdmciPjwvc3ZnPg==\" style=\"--smush-placeholder-width: 960px; --smush-placeholder-aspect-ratio: 960\/720;\" \/><\/figure><\/li><li class=\"blocks-gallery-item\"><figure><img decoding=\"async\" width=\"960\" height=\"720\" data-attachment-id=\"61283\" data-permalink=\"https:\/\/eldiariodesanpedro.com.ar\/sitio\/octubre-actividades-en-el-centro-cultural-abelardo-castillo\/71739396_554586331749772_8718759937020264448_n\/\" data-orig-file=\"https:\/\/eldiariodesanpedro.com.ar\/sitio\/wp-content\/uploads\/2019\/10\/71739396_554586331749772_8718759937020264448_n.jpg\" data-orig-size=\"960,720\" data-comments-opened=\"1\" data-image-meta=\"{&quot;aperture&quot;:&quot;0&quot;,&quot;credit&quot;:&quot;&quot;,&quot;camera&quot;:&quot;&quot;,&quot;caption&quot;:&quot;&quot;,&quot;created_timestamp&quot;:&quot;0&quot;,&quot;copyright&quot;:&quot;&quot;,&quot;focal_length&quot;:&quot;0&quot;,&quot;iso&quot;:&quot;0&quot;,&quot;shutter_speed&quot;:&quot;0&quot;,&quot;title&quot;:&quot;&quot;,&quot;orientation&quot;:&quot;0&quot;}\" data-image-title=\"71739396_554586331749772_8718759937020264448_n\" data-image-description=\"\" data-image-caption=\"\" data-large-file=\"https:\/\/eldiariodesanpedro.com.ar\/sitio\/wp-content\/uploads\/2019\/10\/71739396_554586331749772_8718759937020264448_n.jpg\" data-src=\"https:\/\/eldiariodesanpedro.com.ar\/sitio\/wp-content\/uploads\/2019\/10\/71739396_554586331749772_8718759937020264448_n.jpg\" alt=\"\" data-id=\"61283\" data-link=\"https:\/\/eldiariodesanpedro.com.ar\/sitio\/?attachment_id=61283\" class=\"wp-image-61283 lazyload\" data-srcset=\"https:\/\/eldiariodesanpedro.com.ar\/sitio\/wp-content\/uploads\/2019\/10\/71739396_554586331749772_8718759937020264448_n.jpg 960w, https:\/\/eldiariodesanpedro.com.ar\/sitio\/wp-content\/uploads\/2019\/10\/71739396_554586331749772_8718759937020264448_n-300x225.jpg 300w, https:\/\/eldiariodesanpedro.com.ar\/sitio\/wp-content\/uploads\/2019\/10\/71739396_554586331749772_8718759937020264448_n-768x576.jpg 768w\" data-sizes=\"(max-width: 960px) 100vw, 960px\" src=\"data:image\/svg+xml;base64,PHN2ZyB3aWR0aD0iMSIgaGVpZ2h0PSIxIiB4bWxucz0iaHR0cDovL3d3dy53My5vcmcvMjAwMC9zdmciPjwvc3ZnPg==\" style=\"--smush-placeholder-width: 960px; --smush-placeholder-aspect-ratio: 960\/720;\" \/><\/figure><\/li><\/ul>\n\n\n\n<p>&#x2714;\u00a05 octubre | 10.00 \u2013 Torneo de Ajedrez de la Liga Infantil de Zona Norte.<\/p>\n\n\n\n<figure class=\"wp-block-image\"><img decoding=\"async\" width=\"940\" height=\"788\" data-attachment-id=\"61284\" data-permalink=\"https:\/\/eldiariodesanpedro.com.ar\/sitio\/octubre-actividades-en-el-centro-cultural-abelardo-castillo\/71461006_555224295019309_8105336043332435968_n\/\" data-orig-file=\"https:\/\/eldiariodesanpedro.com.ar\/sitio\/wp-content\/uploads\/2019\/10\/71461006_555224295019309_8105336043332435968_n.png\" data-orig-size=\"940,788\" data-comments-opened=\"1\" data-image-meta=\"{&quot;aperture&quot;:&quot;0&quot;,&quot;credit&quot;:&quot;&quot;,&quot;camera&quot;:&quot;&quot;,&quot;caption&quot;:&quot;&quot;,&quot;created_timestamp&quot;:&quot;0&quot;,&quot;copyright&quot;:&quot;&quot;,&quot;focal_length&quot;:&quot;0&quot;,&quot;iso&quot;:&quot;0&quot;,&quot;shutter_speed&quot;:&quot;0&quot;,&quot;title&quot;:&quot;&quot;,&quot;orientation&quot;:&quot;0&quot;}\" data-image-title=\"71461006_555224295019309_8105336043332435968_n\" data-image-description=\"\" data-image-caption=\"\" data-large-file=\"https:\/\/eldiariodesanpedro.com.ar\/sitio\/wp-content\/uploads\/2019\/10\/71461006_555224295019309_8105336043332435968_n.png\" data-src=\"https:\/\/eldiariodesanpedro.com.ar\/sitio\/wp-content\/uploads\/2019\/10\/71461006_555224295019309_8105336043332435968_n.png\" alt=\"\" class=\"wp-image-61284 lazyload\" data-srcset=\"https:\/\/eldiariodesanpedro.com.ar\/sitio\/wp-content\/uploads\/2019\/10\/71461006_555224295019309_8105336043332435968_n.png 940w, https:\/\/eldiariodesanpedro.com.ar\/sitio\/wp-content\/uploads\/2019\/10\/71461006_555224295019309_8105336043332435968_n-300x251.png 300w, https:\/\/eldiariodesanpedro.com.ar\/sitio\/wp-content\/uploads\/2019\/10\/71461006_555224295019309_8105336043332435968_n-768x644.png 768w\" data-sizes=\"(max-width: 940px) 100vw, 940px\" src=\"data:image\/svg+xml;base64,PHN2ZyB3aWR0aD0iMSIgaGVpZ2h0PSIxIiB4bWxucz0iaHR0cDovL3d3dy53My5vcmcvMjAwMC9zdmciPjwvc3ZnPg==\" style=\"--smush-placeholder-width: 940px; --smush-placeholder-aspect-ratio: 940\/788;\" \/><\/figure>\n\n\n\n<p><br>&#x2714;\u00a06 octubre | 15.00 \u2013 Nueva edici\u00f3n de\u00a0<a href=\"https:\/\/www.facebook.com\/hashtag\/culturajoven?source=feed_text&amp;epa=HASHTAG&amp;__xts__%5B0%5D=68.ARA9YWrj_C2B0PkbJjg028EBWALhuunjZsPMhJ0Al1cclpg7GjrB3dVxITRo75ktLthflvEhjvM10lu2OE-JqVRhIb3KXCBIN7lGWVhScbQL1oZKUI-9YBfVQBXPmOe66b5DRlHQIZRqZbPru7NFSIGiq8UrGDLYWZrZSYE2pawcEwGHGXhdMaPk4c1hReGBhsl8g6donxhNwhW5IlAhbJEr8Y0koLMj5lPB_x2IaE0mIJLyDTMHRwpMq8F6VRQNpbmQ7V-hPJMFO8xKSJiUB8EIurxIIl2e3rk3EScPFLgjvnhw0w6R6QfBgIp85ykNiKPrP-u_NOcdDbHCkNJbiHPvhoUrx1SOFvT67T-Tt5PLKFh-Jr57Hn3UFjaeKR2WvJHzGqKwYaH2xS33t9tf91qYpt0YaSyvmoHJOTQgz2baxz6iYfltjs-xjHgxYRmExiy11H0-NN57CSg1TXPKbeFb1f0nB9RbHTfOhrsrscVISRSh7YIOxA&amp;__tn__=%2ANKH-R\">#CulturaJoven<\/a>. Tercera muestra de actividades art\u00edsticas de j\u00f3venes para j\u00f3venes.<\/p>\n\n\n\n<figure class=\"wp-block-image\"><img decoding=\"async\" width=\"960\" height=\"678\" data-attachment-id=\"61286\" data-permalink=\"https:\/\/eldiariodesanpedro.com.ar\/sitio\/octubre-actividades-en-el-centro-cultural-abelardo-castillo\/71493772_555224955019243_9085198725579538432_n\/\" data-orig-file=\"https:\/\/eldiariodesanpedro.com.ar\/sitio\/wp-content\/uploads\/2019\/10\/71493772_555224955019243_9085198725579538432_n.jpg\" data-orig-size=\"960,678\" data-comments-opened=\"1\" data-image-meta=\"{&quot;aperture&quot;:&quot;0&quot;,&quot;credit&quot;:&quot;&quot;,&quot;camera&quot;:&quot;&quot;,&quot;caption&quot;:&quot;&quot;,&quot;created_timestamp&quot;:&quot;0&quot;,&quot;copyright&quot;:&quot;&quot;,&quot;focal_length&quot;:&quot;0&quot;,&quot;iso&quot;:&quot;0&quot;,&quot;shutter_speed&quot;:&quot;0&quot;,&quot;title&quot;:&quot;&quot;,&quot;orientation&quot;:&quot;0&quot;}\" data-image-title=\"71493772_555224955019243_9085198725579538432_n\" data-image-description=\"\" data-image-caption=\"\" data-large-file=\"https:\/\/eldiariodesanpedro.com.ar\/sitio\/wp-content\/uploads\/2019\/10\/71493772_555224955019243_9085198725579538432_n.jpg\" data-src=\"https:\/\/eldiariodesanpedro.com.ar\/sitio\/wp-content\/uploads\/2019\/10\/71493772_555224955019243_9085198725579538432_n.jpg\" alt=\"\" class=\"wp-image-61286 lazyload\" data-srcset=\"https:\/\/eldiariodesanpedro.com.ar\/sitio\/wp-content\/uploads\/2019\/10\/71493772_555224955019243_9085198725579538432_n.jpg 960w, https:\/\/eldiariodesanpedro.com.ar\/sitio\/wp-content\/uploads\/2019\/10\/71493772_555224955019243_9085198725579538432_n-300x212.jpg 300w, https:\/\/eldiariodesanpedro.com.ar\/sitio\/wp-content\/uploads\/2019\/10\/71493772_555224955019243_9085198725579538432_n-768x542.jpg 768w\" data-sizes=\"(max-width: 960px) 100vw, 960px\" src=\"data:image\/svg+xml;base64,PHN2ZyB3aWR0aD0iMSIgaGVpZ2h0PSIxIiB4bWxucz0iaHR0cDovL3d3dy53My5vcmcvMjAwMC9zdmciPjwvc3ZnPg==\" style=\"--smush-placeholder-width: 960px; --smush-placeholder-aspect-ratio: 960\/678;\" \/><\/figure>\n\n\n\n<p><br>&#x2714;\u00a012, 13 y 14 octubre | Fiesta de las Colectividades.<br>&#x2714;\u00a024, 25 y 26 octubre | Feria del Libro Infantil y Bliopaseo. En los pr\u00f3ximos d\u00edas daremos a conocer el cronograma completo que incluye expositores de libros y c\u00f3mics, artes pl\u00e1sticas. t\u00edteres, taller de cocina, taller de maquillaje art\u00edstico, circo, teatro, narraci\u00f3n, etc.<\/p>\n\n\n\n<p>&#8212;&#8212;&#8212;&#8212;&#8212;&#8212;&#8212;&#8212;&#8212;&#8212;&#8212;&#8212;&#8212;&#8212;&#8212;&#8212;&#8212;&#8212;&#8212;&#8212;&#8212;&#8212;&#8212;&#8212;&#8212;&#8212;&#8212;&#8212;&#8212;&#8212;&#8212;&#8212;&#8212;&#8212;<\/p>\n\n\n\n<p>Contin\u00faa la muestra permanente de Fernando Garc\u00eda Curten, Jorge Coqui L\u00f3pez, Juan Jos\u00e9 D&#8217;Est\u00e9fano, Pedro Su\u00f1er, Virginia Hall, Herminia Sabatini, Dagoberto Ortiz, Claudio Hern\u00e1ndez y Miguel Prelato.<\/p>\n\n\n\n<p>Tambi\u00e9n se dictan talleres de Tango; Folklore; Ajedrez; Canto; Ritmos Urbanos; Stand Up; Pintura; Lenguaje de Se\u00f1as y periodismo con el celular. Consulta por disponibilidad y horarios.<\/p>\n","protected":false},"excerpt":{"rendered":"<p>Desde la Municipalidad presentaron las actividades para este fin de semana y todo octubre. &nbsp;En esta oportunidad la muestra mensual pertenece al fot\u00f3grafo Vicente \u00abCacho\u00bb Scocimarra que retrata su pas\u00f3 por distintas partes del mundo y la Argentina. Scocimarra comenz\u00f3 con la fotograf\u00eda en el a\u00f1o 1958. Fue fundador del Foto Club San Pedro y [&hellip;]<\/p>\n","protected":false},"author":4,"featured_media":61283,"comment_status":"open","ping_status":"closed","sticky":false,"template":"","format":"standard","meta":{"om_disable_all_campaigns":false,"_jetpack_memberships_contains_paid_content":false,"footnotes":""},"categories":[101,2],"tags":[],"class_list":["post-61281","post","type-post","status-publish","format-standard","has-post-thumbnail","hentry","category-interes-general-locales","category-locales"],"aioseo_notices":[],"gutentor_comment":0,"jetpack_featured_media_url":"https:\/\/eldiariodesanpedro.com.ar\/sitio\/wp-content\/uploads\/2019\/10\/71739396_554586331749772_8718759937020264448_n.jpg","jetpack_shortlink":"https:\/\/wp.me\/p6RhLt-fWp","jetpack_sharing_enabled":true,"_links":{"self":[{"href":"https:\/\/eldiariodesanpedro.com.ar\/sitio\/wp-json\/wp\/v2\/posts\/61281","targetHints":{"allow":["GET"]}}],"collection":[{"href":"https:\/\/eldiariodesanpedro.com.ar\/sitio\/wp-json\/wp\/v2\/posts"}],"about":[{"href":"https:\/\/eldiariodesanpedro.com.ar\/sitio\/wp-json\/wp\/v2\/types\/post"}],"author":[{"embeddable":true,"href":"https:\/\/eldiariodesanpedro.com.ar\/sitio\/wp-json\/wp\/v2\/users\/4"}],"replies":[{"embeddable":true,"href":"https:\/\/eldiariodesanpedro.com.ar\/sitio\/wp-json\/wp\/v2\/comments?post=61281"}],"version-history":[{"count":2,"href":"https:\/\/eldiariodesanpedro.com.ar\/sitio\/wp-json\/wp\/v2\/posts\/61281\/revisions"}],"predecessor-version":[{"id":61287,"href":"https:\/\/eldiariodesanpedro.com.ar\/sitio\/wp-json\/wp\/v2\/posts\/61281\/revisions\/61287"}],"wp:featuredmedia":[{"embeddable":true,"href":"https:\/\/eldiariodesanpedro.com.ar\/sitio\/wp-json\/wp\/v2\/media\/61283"}],"wp:attachment":[{"href":"https:\/\/eldiariodesanpedro.com.ar\/sitio\/wp-json\/wp\/v2\/media?parent=61281"}],"wp:term":[{"taxonomy":"category","embeddable":true,"href":"https:\/\/eldiariodesanpedro.com.ar\/sitio\/wp-json\/wp\/v2\/categories?post=61281"},{"taxonomy":"post_tag","embeddable":true,"href":"https:\/\/eldiariodesanpedro.com.ar\/sitio\/wp-json\/wp\/v2\/tags?post=61281"}],"curies":[{"name":"wp","href":"https:\/\/api.w.org\/{rel}","templated":true}]}}