{"id":61273,"date":"2019-10-04T18:39:14","date_gmt":"2019-10-04T21:39:14","guid":{"rendered":"https:\/\/eldiariodesanpedro.com.ar\/sitio\/?p=61273"},"modified":"2019-10-04T18:57:45","modified_gmt":"2019-10-04T21:57:45","slug":"martin-peralta-primer-torneo-de-fisicoculturismo-en-san-pedro","status":"publish","type":"post","link":"https:\/\/eldiariodesanpedro.com.ar\/sitio\/martin-peralta-primer-torneo-de-fisicoculturismo-en-san-pedro\/","title":{"rendered":"Martin Peralta: Primer Torneo de Fisicoculturismo en San Pedro"},"content":{"rendered":"<!-- VideographyWP Plugin Message: Automatic video embedding prevented by plugin options. -->\n\n<p>El torneo se realizar\u00e1 este domingo 6 de octubre en el  hotel Howard Johnson Marinas ( Av Espa\u00f1a 744). Es el primer Torneo internacional de Fisicoculturismo en San Pedro que sera preselectivo para el mundial de M\u00e9xico.<\/p>\n\n\n\n<p>La organizaci\u00f3n est\u00e1 a cargo de Marin Peralta,  deportista y culturista,  titular del gimnasio , qui\u00e9n hace 20 a\u00f1os que compite y hoy se empe\u00f1\u00f3 en darle a la ciudad una competencia de gran jerarqu\u00eda en estas especialidades.\u00a0<br><\/p>\n\n\n\n<p>Martin brind\u00f3 detalles en una nota exclusiva para el Diario de San Pedro:<\/p>\n\n\n\n<p>\u00abEs un Torneo Internacional, vamos a tener atletas de todo el pais y paises lim\u00edtrofes, aspiramos a que el proximo a\u00f1o lo podamos volver hacer, la inscripci\u00f3n se abre el mismo domingo de  10 de la ma\u00f1ana a 1 de la tarde, en el lugar del evento Hotel Howard Johnson Marinas y la competencia comienza a las 15 horas\u00bb<\/p>\n\n\n\n<p>\u00abVa a ser un show muy lindo, van a competir atletas por primera vez y tambien ya campeones sudamericanos de otros lugares, adem\u00e1s  esta Copa San Pedro es un torneo que otorgar\u00e1 cupos para representar al pa\u00eds de M\u00e9xico en el sudamericano de noviembre, el jurado que vamos a tener pertenece a una confederaci\u00f3n que se llama NABBA \/WFF, para quien hace 4 a\u00f1os que compito,  y van a seleccionar los atletas que viajaran para representar el pa\u00eds en el mundial\u00bb<\/p>\n\n\n\n<p>A nuestra pregunta de c\u00f3mo surgi\u00f3 realizar el primer evento nos cont\u00f3, \u00abhace un a\u00f1o en Monte Grande hubo un Argentino, fui a competir y luego hable con el vicepresidente del lugar comentandole si ten\u00eda la oportunidad de hacer el torneo en San Pedro, me dijeron que si y me dieron el aval\u00bb<\/p>\n\n\n\n<p>\u00abDesde la Liga Deportiva tengo los cursos, entreno, tengo muy buena relaci\u00f3n con Hugo presidente, y la Municipal me declaro el evento de Inter\u00e9s, para el a\u00f1o que viene luego del buen resultado vamos a tener m\u00e1s ayuda, por ahi todavia la gente no tiene como bien vista la competencia pero es algo muy familiar\u00bb<\/p>\n\n\n\n<figure class=\"wp-block-image\"><img decoding=\"async\" width=\"703\" height=\"717\" data-attachment-id=\"61276\" data-permalink=\"https:\/\/eldiariodesanpedro.com.ar\/sitio\/martin-peralta-primer-torneo-de-fisicoculturismo-en-san-pedro\/68793470_947184948967589_7437175441451909120_n\/\" data-orig-file=\"https:\/\/eldiariodesanpedro.com.ar\/sitio\/wp-content\/uploads\/2019\/10\/68793470_947184948967589_7437175441451909120_n.jpg\" data-orig-size=\"703,717\" data-comments-opened=\"1\" data-image-meta=\"{&quot;aperture&quot;:&quot;0&quot;,&quot;credit&quot;:&quot;&quot;,&quot;camera&quot;:&quot;&quot;,&quot;caption&quot;:&quot;&quot;,&quot;created_timestamp&quot;:&quot;0&quot;,&quot;copyright&quot;:&quot;&quot;,&quot;focal_length&quot;:&quot;0&quot;,&quot;iso&quot;:&quot;0&quot;,&quot;shutter_speed&quot;:&quot;0&quot;,&quot;title&quot;:&quot;&quot;,&quot;orientation&quot;:&quot;0&quot;}\" data-image-title=\"68793470_947184948967589_7437175441451909120_n\" data-image-description=\"\" data-image-caption=\"\" data-large-file=\"https:\/\/eldiariodesanpedro.com.ar\/sitio\/wp-content\/uploads\/2019\/10\/68793470_947184948967589_7437175441451909120_n.jpg\" data-src=\"https:\/\/eldiariodesanpedro.com.ar\/sitio\/wp-content\/uploads\/2019\/10\/68793470_947184948967589_7437175441451909120_n.jpg\" alt=\"\" class=\"wp-image-61276 lazyload\" data-srcset=\"https:\/\/eldiariodesanpedro.com.ar\/sitio\/wp-content\/uploads\/2019\/10\/68793470_947184948967589_7437175441451909120_n.jpg 703w, https:\/\/eldiariodesanpedro.com.ar\/sitio\/wp-content\/uploads\/2019\/10\/68793470_947184948967589_7437175441451909120_n-294x300.jpg 294w\" data-sizes=\"(max-width: 703px) 100vw, 703px\" src=\"data:image\/svg+xml;base64,PHN2ZyB3aWR0aD0iMSIgaGVpZ2h0PSIxIiB4bWxucz0iaHR0cDovL3d3dy53My5vcmcvMjAwMC9zdmciPjwvc3ZnPg==\" style=\"--smush-placeholder-width: 703px; --smush-placeholder-aspect-ratio: 703\/717;\" \/><\/figure>\n\n\n\n<p> El evento promete ser un espect\u00e1culo deportivo de alto nivel, con un \u00e1mbito completamente familiar. El valor de la entrada  es de $200 y se puede conseguir en el gimnasio del hotel Howard Johnson (centro) Mitre y Liniers.<\/p>\n\n\n\n<p>Se entregar\u00e1n menciones, premios en efectivo para los overall, muchos regalos por parte de los sponsors, sorteos , sorpresas y m\u00e1s. <\/p>\n\n\n\n<p> Opciones de alojamiento o cualquier consulta wapp al 3329334702 ( Martin el pelado )  <\/p>\n\n\n\n<figure class=\"wp-block-image\"><img decoding=\"async\" width=\"682\" height=\"960\" data-attachment-id=\"61279\" data-permalink=\"https:\/\/eldiariodesanpedro.com.ar\/sitio\/martin-peralta-primer-torneo-de-fisicoculturismo-en-san-pedro\/71085967_973006359718781_3369439759683289088_n\/\" data-orig-file=\"https:\/\/eldiariodesanpedro.com.ar\/sitio\/wp-content\/uploads\/2019\/10\/71085967_973006359718781_3369439759683289088_n.jpg\" data-orig-size=\"682,960\" data-comments-opened=\"1\" data-image-meta=\"{&quot;aperture&quot;:&quot;0&quot;,&quot;credit&quot;:&quot;&quot;,&quot;camera&quot;:&quot;&quot;,&quot;caption&quot;:&quot;&quot;,&quot;created_timestamp&quot;:&quot;0&quot;,&quot;copyright&quot;:&quot;&quot;,&quot;focal_length&quot;:&quot;0&quot;,&quot;iso&quot;:&quot;0&quot;,&quot;shutter_speed&quot;:&quot;0&quot;,&quot;title&quot;:&quot;&quot;,&quot;orientation&quot;:&quot;0&quot;}\" data-image-title=\"71085967_973006359718781_3369439759683289088_n\" data-image-description=\"\" data-image-caption=\"\" data-large-file=\"https:\/\/eldiariodesanpedro.com.ar\/sitio\/wp-content\/uploads\/2019\/10\/71085967_973006359718781_3369439759683289088_n.jpg\" data-src=\"https:\/\/eldiariodesanpedro.com.ar\/sitio\/wp-content\/uploads\/2019\/10\/71085967_973006359718781_3369439759683289088_n.jpg\" alt=\"\" class=\"wp-image-61279 lazyload\" data-srcset=\"https:\/\/eldiariodesanpedro.com.ar\/sitio\/wp-content\/uploads\/2019\/10\/71085967_973006359718781_3369439759683289088_n.jpg 682w, https:\/\/eldiariodesanpedro.com.ar\/sitio\/wp-content\/uploads\/2019\/10\/71085967_973006359718781_3369439759683289088_n-213x300.jpg 213w\" data-sizes=\"(max-width: 682px) 100vw, 682px\" src=\"data:image\/svg+xml;base64,PHN2ZyB3aWR0aD0iMSIgaGVpZ2h0PSIxIiB4bWxucz0iaHR0cDovL3d3dy53My5vcmcvMjAwMC9zdmciPjwvc3ZnPg==\" style=\"--smush-placeholder-width: 682px; --smush-placeholder-aspect-ratio: 682\/960;\" \/><\/figure>\n","protected":false},"excerpt":{"rendered":"<p>El torneo se realizar\u00e1 este domingo 6 de octubre en el hotel Howard Johnson Marinas ( Av Espa\u00f1a 744). Es el primer Torneo internacional de Fisicoculturismo en San Pedro que sera preselectivo para el mundial de M\u00e9xico. La organizaci\u00f3n est\u00e1 a cargo de Marin Peralta, deportista y culturista, titular del gimnasio , qui\u00e9n hace 20 [&hellip;]<\/p>\n","protected":false},"author":4,"featured_media":61274,"comment_status":"open","ping_status":"closed","sticky":false,"template":"","format":"standard","meta":{"om_disable_all_campaigns":false,"_jetpack_memberships_contains_paid_content":false,"footnotes":""},"categories":[50,101,2],"tags":[],"class_list":["post-61273","post","type-post","status-publish","format-standard","has-post-thumbnail","hentry","category-destacadas","category-interes-general-locales","category-locales"],"aioseo_notices":[],"gutentor_comment":0,"jetpack_featured_media_url":"https:\/\/eldiariodesanpedro.com.ar\/sitio\/wp-content\/uploads\/2019\/10\/71856287_2745183028826797_3286022492543516672_o.jpg","jetpack_shortlink":"https:\/\/wp.me\/p6RhLt-fWh","jetpack_sharing_enabled":true,"_links":{"self":[{"href":"https:\/\/eldiariodesanpedro.com.ar\/sitio\/wp-json\/wp\/v2\/posts\/61273","targetHints":{"allow":["GET"]}}],"collection":[{"href":"https:\/\/eldiariodesanpedro.com.ar\/sitio\/wp-json\/wp\/v2\/posts"}],"about":[{"href":"https:\/\/eldiariodesanpedro.com.ar\/sitio\/wp-json\/wp\/v2\/types\/post"}],"author":[{"embeddable":true,"href":"https:\/\/eldiariodesanpedro.com.ar\/sitio\/wp-json\/wp\/v2\/users\/4"}],"replies":[{"embeddable":true,"href":"https:\/\/eldiariodesanpedro.com.ar\/sitio\/wp-json\/wp\/v2\/comments?post=61273"}],"version-history":[{"count":4,"href":"https:\/\/eldiariodesanpedro.com.ar\/sitio\/wp-json\/wp\/v2\/posts\/61273\/revisions"}],"predecessor-version":[{"id":61289,"href":"https:\/\/eldiariodesanpedro.com.ar\/sitio\/wp-json\/wp\/v2\/posts\/61273\/revisions\/61289"}],"wp:featuredmedia":[{"embeddable":true,"href":"https:\/\/eldiariodesanpedro.com.ar\/sitio\/wp-json\/wp\/v2\/media\/61274"}],"wp:attachment":[{"href":"https:\/\/eldiariodesanpedro.com.ar\/sitio\/wp-json\/wp\/v2\/media?parent=61273"}],"wp:term":[{"taxonomy":"category","embeddable":true,"href":"https:\/\/eldiariodesanpedro.com.ar\/sitio\/wp-json\/wp\/v2\/categories?post=61273"},{"taxonomy":"post_tag","embeddable":true,"href":"https:\/\/eldiariodesanpedro.com.ar\/sitio\/wp-json\/wp\/v2\/tags?post=61273"}],"curies":[{"name":"wp","href":"https:\/\/api.w.org\/{rel}","templated":true}]}}