{"id":61270,"date":"2019-10-04T17:02:07","date_gmt":"2019-10-04T20:02:07","guid":{"rendered":"https:\/\/eldiariodesanpedro.com.ar\/sitio\/?p=61270"},"modified":"2019-10-04T17:02:11","modified_gmt":"2019-10-04T20:02:11","slug":"la-actriz-sampedrina-amira-chediak-participa-de-la-tira-pequena-victoria","status":"publish","type":"post","link":"https:\/\/eldiariodesanpedro.com.ar\/sitio\/la-actriz-sampedrina-amira-chediak-participa-de-la-tira-pequena-victoria\/","title":{"rendered":"La actriz sampedrina Amira Chediak participa de la tira Peque\u00f1a Victoria"},"content":{"rendered":"<!-- VideographyWP Plugin Message: Automatic video embedding prevented by plugin options. -->\n\n<p>A su vez protagoniza \u201c24 D\u00edas con Mam\u00e1\u201d, el nuevo contenido digital de Telefe.com. All\u00ed comparte sus experiencias personales como madre primeriza, con todos aquellos que est\u00e9n atravesando el mismo momento de la vida.<\/p>\n\n\n\n<p>En la emisi\u00f3n del martes de la tira diaria \u201cPeque\u00f1a Victoria\u201d, la gran apuesta de Telefe para esta temporada, hizo su aparici\u00f3n la actriz sampedrina Amira Chediak. \u00a0En realidad, protagoniza un nuevo contenido exclusivo digital que va asociado a la trama de la exitosa ficci\u00f3n que se llama \u201c24 D\u00edas con Mam\u00e1\u201d. All\u00ed comparte sus experiencias personales como madre primeriza.<\/p>\n\n\n\n<p>Este nuevo contenido digital del canal que consta de 24 episodios, se emite los martes y jueves al t\u00e9rmino de Peque\u00f1a Victoria y se podr\u00e1 ver un nuevo episodio de 24 D\u00edas con Mam\u00e1 en Telefe.com, la app Mi Telefe y las redes sociales Youtube, Instagram, Twitter y Facebook.<\/p>\n\n\n\n<p>\u201cEstoy haciendo una aparici\u00f3n en Peque\u00f1a Victoria y protagonizo \u201c24 D\u00e1is con Mam\u00e1\u201d, dijo Chediak en el aire de FM G\u00e9nesis.<\/p>\n\n\n\n<p>\u201cSon videos donde cuento mi experiencia como madre primeriza, lo lanzamos la semana pasada y ya hice el tercer cap\u00edtulo\u201d.<\/p>\n\n\n\n<p>\u201cSe dio todo muy r\u00e1pido, yo acompa\u00f1\u00e9 a Lio (Ferro) al programa de Lizi Tagliani, me vieron los productores y estaban buscando al protagonista, me convocaron, les guste y as\u00ed se dio todo\u201d.<\/p>\n\n\n\n<p>\u201cMe propusieron que hiciera una interpretaci\u00f3n con mi personaje de Amira\u201d.<\/p>\n\n\n\n<p>\u201cEn realidad 24 D\u00edas con Mam\u00e1 es el contenido digital de Peque\u00f1a Victoria, sale los martes y los jueves a&nbsp; las 22 horas y ah\u00ed cuento mi experiencia como mam\u00e1 comparado con las madres primerizas de Peque\u00f1a Victoria\u201d.<\/p>\n\n\n\n<p>Sobre su futuro actoral, la joven actriz dijo: \u201cTengo propuestas para seguir actuado pero ahora tengo la cabeza puesta en esta tira\u201d.<\/p>\n\n\n\n<p>Amira Chediak tiene 23 a\u00f1os, es modelo, cantante e influencer, y junto a su pareja, el actor y cantante Lionel Ferro realizan videos en Youtube que superan las millones de reproducciones, donde comparten las distintas, nuevas y desconocidas vivencias que transitan en el d\u00eda a d\u00eda como padres primerizos.<\/p>\n\n\n\n<p>Fuente: San Pedro Informa<\/p>\n","protected":false},"excerpt":{"rendered":"<p>A su vez protagoniza \u201c24 D\u00edas con Mam\u00e1\u201d, el nuevo contenido digital de Telefe.com. All\u00ed comparte sus experiencias personales como madre primeriza, con todos aquellos que est\u00e9n atravesando el mismo momento de la vida. En la emisi\u00f3n del martes de la tira diaria \u201cPeque\u00f1a Victoria\u201d, la gran apuesta de Telefe para esta temporada, hizo su [&hellip;]<\/p>\n","protected":false},"author":4,"featured_media":61271,"comment_status":"open","ping_status":"closed","sticky":false,"template":"","format":"standard","meta":{"om_disable_all_campaigns":false,"_jetpack_memberships_contains_paid_content":false,"footnotes":""},"categories":[101,2],"tags":[],"class_list":["post-61270","post","type-post","status-publish","format-standard","has-post-thumbnail","hentry","category-interes-general-locales","category-locales"],"aioseo_notices":[],"gutentor_comment":0,"jetpack_featured_media_url":"https:\/\/eldiariodesanpedro.com.ar\/sitio\/wp-content\/uploads\/2019\/10\/000080223.jpeg","jetpack_shortlink":"https:\/\/wp.me\/p6RhLt-fWe","jetpack_sharing_enabled":true,"_links":{"self":[{"href":"https:\/\/eldiariodesanpedro.com.ar\/sitio\/wp-json\/wp\/v2\/posts\/61270","targetHints":{"allow":["GET"]}}],"collection":[{"href":"https:\/\/eldiariodesanpedro.com.ar\/sitio\/wp-json\/wp\/v2\/posts"}],"about":[{"href":"https:\/\/eldiariodesanpedro.com.ar\/sitio\/wp-json\/wp\/v2\/types\/post"}],"author":[{"embeddable":true,"href":"https:\/\/eldiariodesanpedro.com.ar\/sitio\/wp-json\/wp\/v2\/users\/4"}],"replies":[{"embeddable":true,"href":"https:\/\/eldiariodesanpedro.com.ar\/sitio\/wp-json\/wp\/v2\/comments?post=61270"}],"version-history":[{"count":1,"href":"https:\/\/eldiariodesanpedro.com.ar\/sitio\/wp-json\/wp\/v2\/posts\/61270\/revisions"}],"predecessor-version":[{"id":61272,"href":"https:\/\/eldiariodesanpedro.com.ar\/sitio\/wp-json\/wp\/v2\/posts\/61270\/revisions\/61272"}],"wp:featuredmedia":[{"embeddable":true,"href":"https:\/\/eldiariodesanpedro.com.ar\/sitio\/wp-json\/wp\/v2\/media\/61271"}],"wp:attachment":[{"href":"https:\/\/eldiariodesanpedro.com.ar\/sitio\/wp-json\/wp\/v2\/media?parent=61270"}],"wp:term":[{"taxonomy":"category","embeddable":true,"href":"https:\/\/eldiariodesanpedro.com.ar\/sitio\/wp-json\/wp\/v2\/categories?post=61270"},{"taxonomy":"post_tag","embeddable":true,"href":"https:\/\/eldiariodesanpedro.com.ar\/sitio\/wp-json\/wp\/v2\/tags?post=61270"}],"curies":[{"name":"wp","href":"https:\/\/api.w.org\/{rel}","templated":true}]}}