{"id":61257,"date":"2019-10-04T15:46:45","date_gmt":"2019-10-04T18:46:45","guid":{"rendered":"https:\/\/eldiariodesanpedro.com.ar\/sitio\/?p=61257"},"modified":"2019-10-04T15:46:49","modified_gmt":"2019-10-04T18:46:49","slug":"campana-salio-de-la-comisaria-y-a-tres-cuadras-robo-una-moto-y-lo-volvieron-a-aprehender","status":"publish","type":"post","link":"https:\/\/eldiariodesanpedro.com.ar\/sitio\/campana-salio-de-la-comisaria-y-a-tres-cuadras-robo-una-moto-y-lo-volvieron-a-aprehender\/","title":{"rendered":"CAMPANA | Sali\u00f3 de la comisar\u00eda y a tres cuadras robo una moto y lo volvieron a aprehender"},"content":{"rendered":"<!-- VideographyWP Plugin Message: Automatic video embedding prevented by plugin options. -->\n\n<p> Fue esta ma\u00f1ana, cuando un menor de edad luego de haber permanecido aprehendido en la comisar\u00eda de Campana por un il\u00edcito producido anoche en el barrio Las Acacias; ya en libertad camin\u00f3 tres cuadras y frente al Palacio Municipal rob\u00f3 una moto de 110 cc.<\/p>\n\n\n\n<p>Inmediatamente un testigo inform\u00f3 al Comando de Patrulla N\u00b01, tras escuchar el \u201cclick\u201d de la rotura de la traba de la moto y el sospechoso fue interceptado por un m\u00f3vil en la intersecci\u00f3n de las calles San Mart\u00edn, 9 de Julio y avenida Calixto Dellepiane. Tras dejar la moto tirada, el delincuente huy\u00f3 de a pie hasta el mercado Coto, donde intent\u00f3 mezclarse entre la gente y pero fue aprehendido por personal policial.<\/p>\n\n\n\n<p>El menor de 17 a\u00f1os, apodado \u201cGorosito\u201d fue puesto a disposici\u00f3n de la justicia, la misma que hac\u00eda minutos lo hab\u00eda dejado en libertad. Cuando sucedi\u00f3 el robo, los padres del imputado a\u00fan se encontraban en la comisar\u00eda Primera firmando la libertad del muchacho.<\/p>\n\n\n\n<p>La moto robada a un empleado municipal es un veh\u00edculo marca\u00a0 Brava Nevada 110 cc, color azul y negro, dominio colocad A081FZW. Fue trasladada a a comisar\u00eda de Campana donde ser\u00e1 retenida hasta que el due\u00f1o haga la denuncia correspondiente, el testigo aporte los datos necesarios y se junten con las im\u00e1genes tomadas por las c\u00e1maras del CIMOPU.<\/p>\n\n\n\n<p>Fuente: Campana Argentina<\/p>\n","protected":false},"excerpt":{"rendered":"<p>Fue esta ma\u00f1ana, cuando un menor de edad luego de haber permanecido aprehendido en la comisar\u00eda de Campana por un il\u00edcito producido anoche en el barrio Las Acacias; ya en libertad camin\u00f3 tres cuadras y frente al Palacio Municipal rob\u00f3 una moto de 110 cc. Inmediatamente un testigo inform\u00f3 al Comando de Patrulla N\u00b01, tras [&hellip;]<\/p>\n","protected":false},"author":4,"featured_media":61258,"comment_status":"open","ping_status":"closed","sticky":false,"template":"","format":"standard","meta":{"om_disable_all_campaigns":false,"_jetpack_memberships_contains_paid_content":false,"footnotes":""},"categories":[621],"tags":[],"class_list":["post-61257","post","type-post","status-publish","format-standard","has-post-thumbnail","hentry","category-regionales"],"aioseo_notices":[],"gutentor_comment":0,"jetpack_featured_media_url":"https:\/\/eldiariodesanpedro.com.ar\/sitio\/wp-content\/uploads\/2019\/10\/chorro_vuelve.jpeg","jetpack_shortlink":"https:\/\/wp.me\/p6RhLt-fW1","jetpack_sharing_enabled":true,"_links":{"self":[{"href":"https:\/\/eldiariodesanpedro.com.ar\/sitio\/wp-json\/wp\/v2\/posts\/61257","targetHints":{"allow":["GET"]}}],"collection":[{"href":"https:\/\/eldiariodesanpedro.com.ar\/sitio\/wp-json\/wp\/v2\/posts"}],"about":[{"href":"https:\/\/eldiariodesanpedro.com.ar\/sitio\/wp-json\/wp\/v2\/types\/post"}],"author":[{"embeddable":true,"href":"https:\/\/eldiariodesanpedro.com.ar\/sitio\/wp-json\/wp\/v2\/users\/4"}],"replies":[{"embeddable":true,"href":"https:\/\/eldiariodesanpedro.com.ar\/sitio\/wp-json\/wp\/v2\/comments?post=61257"}],"version-history":[{"count":1,"href":"https:\/\/eldiariodesanpedro.com.ar\/sitio\/wp-json\/wp\/v2\/posts\/61257\/revisions"}],"predecessor-version":[{"id":61259,"href":"https:\/\/eldiariodesanpedro.com.ar\/sitio\/wp-json\/wp\/v2\/posts\/61257\/revisions\/61259"}],"wp:featuredmedia":[{"embeddable":true,"href":"https:\/\/eldiariodesanpedro.com.ar\/sitio\/wp-json\/wp\/v2\/media\/61258"}],"wp:attachment":[{"href":"https:\/\/eldiariodesanpedro.com.ar\/sitio\/wp-json\/wp\/v2\/media?parent=61257"}],"wp:term":[{"taxonomy":"category","embeddable":true,"href":"https:\/\/eldiariodesanpedro.com.ar\/sitio\/wp-json\/wp\/v2\/categories?post=61257"},{"taxonomy":"post_tag","embeddable":true,"href":"https:\/\/eldiariodesanpedro.com.ar\/sitio\/wp-json\/wp\/v2\/tags?post=61257"}],"curies":[{"name":"wp","href":"https:\/\/api.w.org\/{rel}","templated":true}]}}