{"id":61255,"date":"2019-10-04T15:44:39","date_gmt":"2019-10-04T18:44:39","guid":{"rendered":"https:\/\/eldiariodesanpedro.com.ar\/sitio\/?p=61255"},"modified":"2019-10-04T15:55:17","modified_gmt":"2019-10-04T18:55:17","slug":"san-nicolas-se-deshizo-de-un-arma-la-arrojo-y-se-disparo","status":"publish","type":"post","link":"https:\/\/eldiariodesanpedro.com.ar\/sitio\/san-nicolas-se-deshizo-de-un-arma-la-arrojo-y-se-disparo\/","title":{"rendered":"SAN NICOL\u00c1S | Se deshizo de un arma, la arroj\u00f3 y se dispar\u00f3"},"content":{"rendered":"<!-- VideographyWP Plugin Message: Automatic video embedding prevented by plugin options. -->\n\n<p>\n\nEn horas del mediod\u00eda, personal de Polic\u00eda Local realizaba recorridos por calles Berna y 12 de Marzo el Marco de operativo \u00abCalle Segura y operativo motochorros\u00bb. Un adolescente de 15 a\u00f1os que circulaba a pie por el lugar, al advertir la presencia policial, intent\u00f3 escapar mientras sacaba de entre sus prendas un arma de fuego para deshacerse de ella.<\/p>\n\n\n\n<p>Al arrojar el arma a un costado, se produjo un disparo, aunque sin lesionar a ning\u00fan efectivo y ni terceros que pudieran transitar por la zona.<br><br>Luego del episodio la pistola fue secuestrada por los agentes. Se trata de una calibre 22 largo, que conten\u00eda tres proyectiles intactos en el interior del tambor y una vaina.<br><br>El adolescente fue traslado a sede de la Comisar\u00eda Tercera donde se labraron actuaciones por \u00abTenencia de arma de fuego de uso civil\u00bb.<\/p>\n\n\n\n<p>Fuente: Diario El Informante<\/p>\n","protected":false},"excerpt":{"rendered":"<p>En horas del mediod\u00eda, personal de Polic\u00eda Local realizaba recorridos por calles Berna y 12 de Marzo el Marco de operativo \u00abCalle Segura y operativo motochorros\u00bb. Un adolescente de 15 a\u00f1os que circulaba a pie por el lugar, al advertir la presencia policial, intent\u00f3 escapar mientras sacaba de entre sus prendas un arma de fuego [&hellip;]<\/p>\n","protected":false},"author":4,"featured_media":61261,"comment_status":"open","ping_status":"closed","sticky":false,"template":"","format":"standard","meta":{"om_disable_all_campaigns":false,"_jetpack_memberships_contains_paid_content":false,"footnotes":""},"categories":[621],"tags":[],"class_list":["post-61255","post","type-post","status-publish","format-standard","has-post-thumbnail","hentry","category-regionales"],"aioseo_notices":[],"gutentor_comment":0,"jetpack_featured_media_url":"https:\/\/eldiariodesanpedro.com.ar\/sitio\/wp-content\/uploads\/2019\/10\/arma_revolver.jpg","jetpack_shortlink":"https:\/\/wp.me\/p6RhLt-fVZ","jetpack_sharing_enabled":true,"_links":{"self":[{"href":"https:\/\/eldiariodesanpedro.com.ar\/sitio\/wp-json\/wp\/v2\/posts\/61255","targetHints":{"allow":["GET"]}}],"collection":[{"href":"https:\/\/eldiariodesanpedro.com.ar\/sitio\/wp-json\/wp\/v2\/posts"}],"about":[{"href":"https:\/\/eldiariodesanpedro.com.ar\/sitio\/wp-json\/wp\/v2\/types\/post"}],"author":[{"embeddable":true,"href":"https:\/\/eldiariodesanpedro.com.ar\/sitio\/wp-json\/wp\/v2\/users\/4"}],"replies":[{"embeddable":true,"href":"https:\/\/eldiariodesanpedro.com.ar\/sitio\/wp-json\/wp\/v2\/comments?post=61255"}],"version-history":[{"count":1,"href":"https:\/\/eldiariodesanpedro.com.ar\/sitio\/wp-json\/wp\/v2\/posts\/61255\/revisions"}],"predecessor-version":[{"id":61256,"href":"https:\/\/eldiariodesanpedro.com.ar\/sitio\/wp-json\/wp\/v2\/posts\/61255\/revisions\/61256"}],"wp:featuredmedia":[{"embeddable":true,"href":"https:\/\/eldiariodesanpedro.com.ar\/sitio\/wp-json\/wp\/v2\/media\/61261"}],"wp:attachment":[{"href":"https:\/\/eldiariodesanpedro.com.ar\/sitio\/wp-json\/wp\/v2\/media?parent=61255"}],"wp:term":[{"taxonomy":"category","embeddable":true,"href":"https:\/\/eldiariodesanpedro.com.ar\/sitio\/wp-json\/wp\/v2\/categories?post=61255"},{"taxonomy":"post_tag","embeddable":true,"href":"https:\/\/eldiariodesanpedro.com.ar\/sitio\/wp-json\/wp\/v2\/tags?post=61255"}],"curies":[{"name":"wp","href":"https:\/\/api.w.org\/{rel}","templated":true}]}}