{"id":61249,"date":"2019-10-04T15:41:26","date_gmt":"2019-10-04T18:41:26","guid":{"rendered":"https:\/\/eldiariodesanpedro.com.ar\/sitio\/?p=61249"},"modified":"2019-10-04T15:41:30","modified_gmt":"2019-10-04T18:41:30","slug":"san-nicolas-le-pego-con-un-palo-a-una-mujer-para-robarle-la-cartera","status":"publish","type":"post","link":"https:\/\/eldiariodesanpedro.com.ar\/sitio\/san-nicolas-le-pego-con-un-palo-a-una-mujer-para-robarle-la-cartera\/","title":{"rendered":"SAN NICOLAS | Le peg\u00f3 con un palo a una mujer para robarle la cartera"},"content":{"rendered":"<!-- VideographyWP Plugin Message: Automatic video embedding prevented by plugin options. -->\n\n<p> Alrededor de las tres de la tarde de este jueves, un adolescente de 15 a\u00f1os fue aprehendido por personal de Polic\u00eda Local en intersecci\u00f3n La Plata y Montiel tras golpear con un palo a una mujer de 46 a\u00f1os y robarle la cartera.<\/p>\n\n\n\n<p>\n\nLa cartera, negra de s\u00edmil cuerdo con botones plateados, conten\u00eda $1.115 en efectivo, un celular Motorola blanco y una llave Prive con su llavero. Todos los elementos fueron recuperados.<\/p>\n\n\n\n<p>El joven fue trasladado a la Comisar\u00eda Segunda donde se labraron actuaciones por \u00abrobo\u00bb con intervenci\u00f3n de la UFI del Joven. <\/p>\n\n\n\n<p>Fuente: Diario El Informante<\/p>\n","protected":false},"excerpt":{"rendered":"<p>Alrededor de las tres de la tarde de este jueves, un adolescente de 15 a\u00f1os fue aprehendido por personal de Polic\u00eda Local en intersecci\u00f3n La Plata y Montiel tras golpear con un palo a una mujer de 46 a\u00f1os y robarle la cartera. La cartera, negra de s\u00edmil cuerdo con botones plateados, conten\u00eda $1.115 en [&hellip;]<\/p>\n","protected":false},"author":4,"featured_media":61250,"comment_status":"open","ping_status":"closed","sticky":false,"template":"","format":"standard","meta":{"om_disable_all_campaigns":false,"_jetpack_memberships_contains_paid_content":false,"footnotes":""},"categories":[621],"tags":[],"class_list":["post-61249","post","type-post","status-publish","format-standard","has-post-thumbnail","hentry","category-regionales"],"aioseo_notices":[],"gutentor_comment":0,"jetpack_featured_media_url":"https:\/\/eldiariodesanpedro.com.ar\/sitio\/wp-content\/uploads\/2019\/10\/palo_preso_1.jpg","jetpack_shortlink":"https:\/\/wp.me\/p6RhLt-fVT","jetpack_sharing_enabled":true,"_links":{"self":[{"href":"https:\/\/eldiariodesanpedro.com.ar\/sitio\/wp-json\/wp\/v2\/posts\/61249","targetHints":{"allow":["GET"]}}],"collection":[{"href":"https:\/\/eldiariodesanpedro.com.ar\/sitio\/wp-json\/wp\/v2\/posts"}],"about":[{"href":"https:\/\/eldiariodesanpedro.com.ar\/sitio\/wp-json\/wp\/v2\/types\/post"}],"author":[{"embeddable":true,"href":"https:\/\/eldiariodesanpedro.com.ar\/sitio\/wp-json\/wp\/v2\/users\/4"}],"replies":[{"embeddable":true,"href":"https:\/\/eldiariodesanpedro.com.ar\/sitio\/wp-json\/wp\/v2\/comments?post=61249"}],"version-history":[{"count":1,"href":"https:\/\/eldiariodesanpedro.com.ar\/sitio\/wp-json\/wp\/v2\/posts\/61249\/revisions"}],"predecessor-version":[{"id":61251,"href":"https:\/\/eldiariodesanpedro.com.ar\/sitio\/wp-json\/wp\/v2\/posts\/61249\/revisions\/61251"}],"wp:featuredmedia":[{"embeddable":true,"href":"https:\/\/eldiariodesanpedro.com.ar\/sitio\/wp-json\/wp\/v2\/media\/61250"}],"wp:attachment":[{"href":"https:\/\/eldiariodesanpedro.com.ar\/sitio\/wp-json\/wp\/v2\/media?parent=61249"}],"wp:term":[{"taxonomy":"category","embeddable":true,"href":"https:\/\/eldiariodesanpedro.com.ar\/sitio\/wp-json\/wp\/v2\/categories?post=61249"},{"taxonomy":"post_tag","embeddable":true,"href":"https:\/\/eldiariodesanpedro.com.ar\/sitio\/wp-json\/wp\/v2\/tags?post=61249"}],"curies":[{"name":"wp","href":"https:\/\/api.w.org\/{rel}","templated":true}]}}