{"id":61243,"date":"2019-10-04T15:37:18","date_gmt":"2019-10-04T18:37:18","guid":{"rendered":"https:\/\/eldiariodesanpedro.com.ar\/sitio\/?p=61243"},"modified":"2019-10-04T15:37:23","modified_gmt":"2019-10-04T18:37:23","slug":"ramallo-avanza-la-construccion-del-centro-universitario","status":"publish","type":"post","link":"https:\/\/eldiariodesanpedro.com.ar\/sitio\/ramallo-avanza-la-construccion-del-centro-universitario\/","title":{"rendered":"RAMALLO | Avanza la construcci\u00f3n del Centro Universitario"},"content":{"rendered":"<!-- VideographyWP Plugin Message: Automatic video embedding prevented by plugin options. -->\n\n<p> El intendente Mauro Poletti confirm\u00f3 que el edificio del Centro Universitario Municipal en el Polideportivo de la ciudad de Ramallo estar\u00e1 listo para inaugurarse en los primeros d\u00edas del a\u00f1o entrante.<\/p>\n\n\n\n<p>Esta semana comenz\u00f3 la obra de colocaci\u00f3n de pisos de toda la nave, una vez que se finaliz\u00f3 la consolidaci\u00f3n de la estructura, techo y paneles laterales.<\/p>\n\n\n\n<p>Desde el Municipio remarcaron que se demor\u00f3 el tiempo de la obra, debido a la falta de entrega de materiales, situaci\u00f3n que se complejiz\u00f3 desde la disparada del d\u00f3lar a mediados de agosto, pero conf\u00edan en inaugurarlo en los primeros d\u00edas del pr\u00f3ximo a\u00f1o.<\/p>\n\n\n\n<p>Fuente: Ramallo Ciudad<\/p>\n","protected":false},"excerpt":{"rendered":"<p>El intendente Mauro Poletti confirm\u00f3 que el edificio del Centro Universitario Municipal en el Polideportivo de la ciudad de Ramallo estar\u00e1 listo para inaugurarse en los primeros d\u00edas del a\u00f1o entrante. Esta semana comenz\u00f3 la obra de colocaci\u00f3n de pisos de toda la nave, una vez que se finaliz\u00f3 la consolidaci\u00f3n de la estructura, techo [&hellip;]<\/p>\n","protected":false},"author":4,"featured_media":61244,"comment_status":"open","ping_status":"closed","sticky":false,"template":"","format":"standard","meta":{"om_disable_all_campaigns":false,"_jetpack_memberships_contains_paid_content":false,"footnotes":""},"categories":[621],"tags":[],"class_list":["post-61243","post","type-post","status-publish","format-standard","has-post-thumbnail","hentry","category-regionales"],"aioseo_notices":[],"gutentor_comment":0,"jetpack_featured_media_url":"https:\/\/eldiariodesanpedro.com.ar\/sitio\/wp-content\/uploads\/2019\/10\/centro_universitario.jpg","jetpack_shortlink":"https:\/\/wp.me\/p6RhLt-fVN","jetpack_sharing_enabled":true,"_links":{"self":[{"href":"https:\/\/eldiariodesanpedro.com.ar\/sitio\/wp-json\/wp\/v2\/posts\/61243","targetHints":{"allow":["GET"]}}],"collection":[{"href":"https:\/\/eldiariodesanpedro.com.ar\/sitio\/wp-json\/wp\/v2\/posts"}],"about":[{"href":"https:\/\/eldiariodesanpedro.com.ar\/sitio\/wp-json\/wp\/v2\/types\/post"}],"author":[{"embeddable":true,"href":"https:\/\/eldiariodesanpedro.com.ar\/sitio\/wp-json\/wp\/v2\/users\/4"}],"replies":[{"embeddable":true,"href":"https:\/\/eldiariodesanpedro.com.ar\/sitio\/wp-json\/wp\/v2\/comments?post=61243"}],"version-history":[{"count":1,"href":"https:\/\/eldiariodesanpedro.com.ar\/sitio\/wp-json\/wp\/v2\/posts\/61243\/revisions"}],"predecessor-version":[{"id":61245,"href":"https:\/\/eldiariodesanpedro.com.ar\/sitio\/wp-json\/wp\/v2\/posts\/61243\/revisions\/61245"}],"wp:featuredmedia":[{"embeddable":true,"href":"https:\/\/eldiariodesanpedro.com.ar\/sitio\/wp-json\/wp\/v2\/media\/61244"}],"wp:attachment":[{"href":"https:\/\/eldiariodesanpedro.com.ar\/sitio\/wp-json\/wp\/v2\/media?parent=61243"}],"wp:term":[{"taxonomy":"category","embeddable":true,"href":"https:\/\/eldiariodesanpedro.com.ar\/sitio\/wp-json\/wp\/v2\/categories?post=61243"},{"taxonomy":"post_tag","embeddable":true,"href":"https:\/\/eldiariodesanpedro.com.ar\/sitio\/wp-json\/wp\/v2\/tags?post=61243"}],"curies":[{"name":"wp","href":"https:\/\/api.w.org\/{rel}","templated":true}]}}