{"id":61234,"date":"2019-10-04T11:56:18","date_gmt":"2019-10-04T14:56:18","guid":{"rendered":"https:\/\/eldiariodesanpedro.com.ar\/sitio\/?p=61234"},"modified":"2019-10-04T11:56:22","modified_gmt":"2019-10-04T14:56:22","slug":"le-pateo-la-puerta-y-se-fue","status":"publish","type":"post","link":"https:\/\/eldiariodesanpedro.com.ar\/sitio\/le-pateo-la-puerta-y-se-fue\/","title":{"rendered":"Le pate\u00f3 la puerta y se fue"},"content":{"rendered":"<!-- VideographyWP Plugin Message: Automatic video embedding prevented by plugin options. -->\n\n<p>El hecho lo radico en la comisaria local una mujer de 36 a\u00f1os de edad,  cuenta que un sujeto a quien desconoce, se acerco a su vivienda, le pate\u00f3 la puerta y se fue.<\/p>\n\n\n\n<p>Sucedi\u00f3 este jueves luego del mediod\u00eda, un malviviente se acerca a un domicilio de nuestra ciudad, golpea con patadas la puerta trasera del mismo y se da a la fuga. La familia desconoce motivos.<\/p>\n\n\n\n<p>Interviene la Fiscalia N \u00ba5<\/p>\n","protected":false},"excerpt":{"rendered":"<p>El hecho lo radico en la comisaria local una mujer de 36 a\u00f1os de edad, cuenta que un sujeto a quien desconoce, se acerco a su vivienda, le pate\u00f3 la puerta y se fue. Sucedi\u00f3 este jueves luego del mediod\u00eda, un malviviente se acerca a un domicilio de nuestra ciudad, golpea con patadas la puerta [&hellip;]<\/p>\n","protected":false},"author":4,"featured_media":61214,"comment_status":"open","ping_status":"closed","sticky":false,"template":"","format":"standard","meta":{"om_disable_all_campaigns":false,"_jetpack_memberships_contains_paid_content":false,"footnotes":""},"categories":[2,103],"tags":[],"class_list":["post-61234","post","type-post","status-publish","format-standard","has-post-thumbnail","hentry","category-locales","category-policiales-locales"],"aioseo_notices":[],"gutentor_comment":0,"jetpack_featured_media_url":"https:\/\/eldiariodesanpedro.com.ar\/sitio\/wp-content\/uploads\/2019\/10\/patrullas-policia-noche.jpg","jetpack_shortlink":"https:\/\/wp.me\/p6RhLt-fVE","jetpack_sharing_enabled":true,"_links":{"self":[{"href":"https:\/\/eldiariodesanpedro.com.ar\/sitio\/wp-json\/wp\/v2\/posts\/61234","targetHints":{"allow":["GET"]}}],"collection":[{"href":"https:\/\/eldiariodesanpedro.com.ar\/sitio\/wp-json\/wp\/v2\/posts"}],"about":[{"href":"https:\/\/eldiariodesanpedro.com.ar\/sitio\/wp-json\/wp\/v2\/types\/post"}],"author":[{"embeddable":true,"href":"https:\/\/eldiariodesanpedro.com.ar\/sitio\/wp-json\/wp\/v2\/users\/4"}],"replies":[{"embeddable":true,"href":"https:\/\/eldiariodesanpedro.com.ar\/sitio\/wp-json\/wp\/v2\/comments?post=61234"}],"version-history":[{"count":1,"href":"https:\/\/eldiariodesanpedro.com.ar\/sitio\/wp-json\/wp\/v2\/posts\/61234\/revisions"}],"predecessor-version":[{"id":61237,"href":"https:\/\/eldiariodesanpedro.com.ar\/sitio\/wp-json\/wp\/v2\/posts\/61234\/revisions\/61237"}],"wp:featuredmedia":[{"embeddable":true,"href":"https:\/\/eldiariodesanpedro.com.ar\/sitio\/wp-json\/wp\/v2\/media\/61214"}],"wp:attachment":[{"href":"https:\/\/eldiariodesanpedro.com.ar\/sitio\/wp-json\/wp\/v2\/media?parent=61234"}],"wp:term":[{"taxonomy":"category","embeddable":true,"href":"https:\/\/eldiariodesanpedro.com.ar\/sitio\/wp-json\/wp\/v2\/categories?post=61234"},{"taxonomy":"post_tag","embeddable":true,"href":"https:\/\/eldiariodesanpedro.com.ar\/sitio\/wp-json\/wp\/v2\/tags?post=61234"}],"curies":[{"name":"wp","href":"https:\/\/api.w.org\/{rel}","templated":true}]}}