{"id":61231,"date":"2019-10-04T11:37:00","date_gmt":"2019-10-04T14:37:00","guid":{"rendered":"https:\/\/eldiariodesanpedro.com.ar\/sitio\/?p=61231"},"modified":"2019-10-04T11:37:05","modified_gmt":"2019-10-04T14:37:05","slug":"simulo-ser-su-hija-por-telefono-exigiendo-dinero","status":"publish","type":"post","link":"https:\/\/eldiariodesanpedro.com.ar\/sitio\/simulo-ser-su-hija-por-telefono-exigiendo-dinero\/","title":{"rendered":"Simulo ser su hija por tel\u00e9fono exigiendo dinero"},"content":{"rendered":"<!-- VideographyWP Plugin Message: Automatic video embedding prevented by plugin options. -->\n\n<p>Un abuelo de 81 a\u00f1os de edad recibi\u00f3 un llamado telef\u00f3nico donde una mujer simulo ser su hija y le ped\u00eda que le entregara un dinero, finalmente el ciudadano dio cuenta del enga\u00f1o y corto la comunicacion.<\/p>\n\n\n\n<p>La delincuente lo llam\u00f3 por tel\u00e9fono y le dijo que pasar\u00eda a retirar el efectivo, supuestamente era su hija.<\/p>\n\n\n\n<p>Sucedi\u00f3 por la madrugada de este jueves, el hombre mayor de edad recibe el llamado  quien advirtiendo la situaci\u00f3n y comunic\u00e1ndose con sus hijas, desiste de la misma.<\/p>\n\n\n\n<p>El delito afortunadamente no fue consumado, el abuelo radico la denuncia en la dependencia local interviniendo la fiscalia N\u00ba5.<\/p>\n","protected":false},"excerpt":{"rendered":"<p>Un abuelo de 81 a\u00f1os de edad recibi\u00f3 un llamado telef\u00f3nico donde una mujer simulo ser su hija y le ped\u00eda que le entregara un dinero, finalmente el ciudadano dio cuenta del enga\u00f1o y corto la comunicacion. La delincuente lo llam\u00f3 por tel\u00e9fono y le dijo que pasar\u00eda a retirar el efectivo, supuestamente era su [&hellip;]<\/p>\n","protected":false},"author":4,"featured_media":61232,"comment_status":"open","ping_status":"closed","sticky":false,"template":"","format":"standard","meta":{"om_disable_all_campaigns":false,"_jetpack_memberships_contains_paid_content":false,"footnotes":""},"categories":[2,103],"tags":[],"class_list":["post-61231","post","type-post","status-publish","format-standard","has-post-thumbnail","hentry","category-locales","category-policiales-locales"],"aioseo_notices":[],"gutentor_comment":0,"jetpack_featured_media_url":"https:\/\/eldiariodesanpedro.com.ar\/sitio\/wp-content\/uploads\/2019\/10\/1555116015.jpg","jetpack_shortlink":"https:\/\/wp.me\/p6RhLt-fVB","jetpack_sharing_enabled":true,"_links":{"self":[{"href":"https:\/\/eldiariodesanpedro.com.ar\/sitio\/wp-json\/wp\/v2\/posts\/61231","targetHints":{"allow":["GET"]}}],"collection":[{"href":"https:\/\/eldiariodesanpedro.com.ar\/sitio\/wp-json\/wp\/v2\/posts"}],"about":[{"href":"https:\/\/eldiariodesanpedro.com.ar\/sitio\/wp-json\/wp\/v2\/types\/post"}],"author":[{"embeddable":true,"href":"https:\/\/eldiariodesanpedro.com.ar\/sitio\/wp-json\/wp\/v2\/users\/4"}],"replies":[{"embeddable":true,"href":"https:\/\/eldiariodesanpedro.com.ar\/sitio\/wp-json\/wp\/v2\/comments?post=61231"}],"version-history":[{"count":1,"href":"https:\/\/eldiariodesanpedro.com.ar\/sitio\/wp-json\/wp\/v2\/posts\/61231\/revisions"}],"predecessor-version":[{"id":61233,"href":"https:\/\/eldiariodesanpedro.com.ar\/sitio\/wp-json\/wp\/v2\/posts\/61231\/revisions\/61233"}],"wp:featuredmedia":[{"embeddable":true,"href":"https:\/\/eldiariodesanpedro.com.ar\/sitio\/wp-json\/wp\/v2\/media\/61232"}],"wp:attachment":[{"href":"https:\/\/eldiariodesanpedro.com.ar\/sitio\/wp-json\/wp\/v2\/media?parent=61231"}],"wp:term":[{"taxonomy":"category","embeddable":true,"href":"https:\/\/eldiariodesanpedro.com.ar\/sitio\/wp-json\/wp\/v2\/categories?post=61231"},{"taxonomy":"post_tag","embeddable":true,"href":"https:\/\/eldiariodesanpedro.com.ar\/sitio\/wp-json\/wp\/v2\/tags?post=61231"}],"curies":[{"name":"wp","href":"https:\/\/api.w.org\/{rel}","templated":true}]}}