{"id":61225,"date":"2019-10-04T10:03:51","date_gmt":"2019-10-04T13:03:51","guid":{"rendered":"https:\/\/eldiariodesanpedro.com.ar\/sitio\/?p=61225"},"modified":"2019-10-04T10:03:55","modified_gmt":"2019-10-04T13:03:55","slug":"la-motochorra-de-los-chocolates-fue-condenada-a-6-anos-y-7-meses-de-prision","status":"publish","type":"post","link":"https:\/\/eldiariodesanpedro.com.ar\/sitio\/la-motochorra-de-los-chocolates-fue-condenada-a-6-anos-y-7-meses-de-prision\/","title":{"rendered":"La motochorra de los chocolates fue condenada a 6 a\u00f1os y 7 meses de prisi\u00f3n"},"content":{"rendered":"<!-- VideographyWP Plugin Message: Automatic video embedding prevented by plugin options. -->\n\n<p>El hecho ocurri\u00f3 en 2018, su caso tomo mas repercusi\u00f3n publica cuando tras el r\u00e1pido accionar policial logran detenerla escapando del comercio y cae al asfalto con su motocicleta. Cantidad de barras de chocolate que hab\u00eda sustra\u00eddo del mismo quedaron en la calle.<\/p>\n\n\n\n<p>La joven delincuente de 19 a\u00f1os de edad, ingreso cerca del mediod\u00eda de un dia de julio del a\u00f1o pasado, junto a otro sujeto, quien nunca pudo ser identificado, a un comercio ubicado en Facundo Quiroga y Belgrano.<\/p>\n\n\n\n<p>De all\u00ed tras intimidaci\u00f3n con arma de fuego redujeron a la empleada logrando sustraer dinero en efectivo y gran cantidad de chocolates. <\/p>\n\n\n\n<p>Cuando pretend\u00edan darse a la fuga un vecino se interpuso en el camino y los hizo caer de la moto. El c\u00f3mplice de la mujer huy\u00f3 a pie mientras que, la asaltante qued\u00f3 en el lugar y fue aprehendida por la polic\u00eda que arrib\u00f3 r\u00e1pidamente al comercio. <\/p>\n\n\n\n<p>La causa fue caratulada como Robo Calificado en grado de Tentativa, pero el propio Fiscal Manso adelant\u00f3 que ser\u00e1 recaratulada como Robo Calificado al comprobarse que el hecho se consum\u00f3.<\/p>\n\n\n\n<p>Se pudo establecer que los motochorros se llevaron del comercio mil pesos en efectivo y ocho chocolates, adem\u00e1s se comprob\u00f3 que la moto en la que se movilizaban y que fue secuestrada por la polic\u00eda no ten\u00eda ning\u00fan impedimento legal para circular por la v\u00eda p\u00fablica.<\/p>\n\n\n\n<p>La joven malviviente accedi\u00f3 al sistema de juicio abreviado y el Juez de la causa, con los elementos probatorios que presento el Fiscal Manso, la condeno a seis a\u00f1os y siete meses de prisi\u00f3n.<\/p>\n","protected":false},"excerpt":{"rendered":"<p>El hecho ocurri\u00f3 en 2018, su caso tomo mas repercusi\u00f3n publica cuando tras el r\u00e1pido accionar policial logran detenerla escapando del comercio y cae al asfalto con su motocicleta. Cantidad de barras de chocolate que hab\u00eda sustra\u00eddo del mismo quedaron en la calle. La joven delincuente de 19 a\u00f1os de edad, ingreso cerca del mediod\u00eda [&hellip;]<\/p>\n","protected":false},"author":4,"featured_media":61226,"comment_status":"open","ping_status":"closed","sticky":false,"template":"","format":"standard","meta":{"om_disable_all_campaigns":false,"_jetpack_memberships_contains_paid_content":false,"footnotes":""},"categories":[50,2,103],"tags":[],"class_list":["post-61225","post","type-post","status-publish","format-standard","has-post-thumbnail","hentry","category-destacadas","category-locales","category-policiales-locales"],"aioseo_notices":[],"gutentor_comment":0,"jetpack_featured_media_url":"https:\/\/eldiariodesanpedro.com.ar\/sitio\/wp-content\/uploads\/2019\/10\/El-momento-de-la-detenci\u00f3n-de-la-mujer.jpg","jetpack_shortlink":"https:\/\/wp.me\/p6RhLt-fVv","jetpack_sharing_enabled":true,"_links":{"self":[{"href":"https:\/\/eldiariodesanpedro.com.ar\/sitio\/wp-json\/wp\/v2\/posts\/61225","targetHints":{"allow":["GET"]}}],"collection":[{"href":"https:\/\/eldiariodesanpedro.com.ar\/sitio\/wp-json\/wp\/v2\/posts"}],"about":[{"href":"https:\/\/eldiariodesanpedro.com.ar\/sitio\/wp-json\/wp\/v2\/types\/post"}],"author":[{"embeddable":true,"href":"https:\/\/eldiariodesanpedro.com.ar\/sitio\/wp-json\/wp\/v2\/users\/4"}],"replies":[{"embeddable":true,"href":"https:\/\/eldiariodesanpedro.com.ar\/sitio\/wp-json\/wp\/v2\/comments?post=61225"}],"version-history":[{"count":1,"href":"https:\/\/eldiariodesanpedro.com.ar\/sitio\/wp-json\/wp\/v2\/posts\/61225\/revisions"}],"predecessor-version":[{"id":61227,"href":"https:\/\/eldiariodesanpedro.com.ar\/sitio\/wp-json\/wp\/v2\/posts\/61225\/revisions\/61227"}],"wp:featuredmedia":[{"embeddable":true,"href":"https:\/\/eldiariodesanpedro.com.ar\/sitio\/wp-json\/wp\/v2\/media\/61226"}],"wp:attachment":[{"href":"https:\/\/eldiariodesanpedro.com.ar\/sitio\/wp-json\/wp\/v2\/media?parent=61225"}],"wp:term":[{"taxonomy":"category","embeddable":true,"href":"https:\/\/eldiariodesanpedro.com.ar\/sitio\/wp-json\/wp\/v2\/categories?post=61225"},{"taxonomy":"post_tag","embeddable":true,"href":"https:\/\/eldiariodesanpedro.com.ar\/sitio\/wp-json\/wp\/v2\/tags?post=61225"}],"curies":[{"name":"wp","href":"https:\/\/api.w.org\/{rel}","templated":true}]}}