{"id":61221,"date":"2019-10-04T09:44:28","date_gmt":"2019-10-04T12:44:28","guid":{"rendered":"https:\/\/eldiariodesanpedro.com.ar\/sitio\/?p=61221"},"modified":"2019-10-04T09:44:32","modified_gmt":"2019-10-04T12:44:32","slug":"consenso-federal-juan-manuel-urtubey-llega-a-san-pedro","status":"publish","type":"post","link":"https:\/\/eldiariodesanpedro.com.ar\/sitio\/consenso-federal-juan-manuel-urtubey-llega-a-san-pedro\/","title":{"rendered":"Consenso Federal: Juan Manuel Urtubey llega a San Pedro"},"content":{"rendered":"<!-- VideographyWP Plugin Message: Automatic video embedding prevented by plugin options. -->\n\n<p>El candidato a vicepresidente de Consenso Federal, Juan Manuel Urtubey, este viernes 4 a las 18 horas estar\u00e1 arribando a nuestra ciudad para realizar una peque\u00f1a recorrida y brindar una conferencia de prensa.<\/p>\n\n\n\n<p> La agenda para el Gobernador de Salta ser\u00e1 bastante apretada, lo cierto que llega a San Pedro para respaldar la candidatura del socialista candidato a intendente por Consenso Federal, Fernando Nouet.<\/p>\n\n\n\n<p>Visitara el Bar C\u00e9ntrico Butti para atender sus actividades y dialogar con la prensa.<\/p>\n","protected":false},"excerpt":{"rendered":"<p>El candidato a vicepresidente de Consenso Federal, Juan Manuel Urtubey, este viernes 4 a las 18 horas estar\u00e1 arribando a nuestra ciudad para realizar una peque\u00f1a recorrida y brindar una conferencia de prensa. La agenda para el Gobernador de Salta ser\u00e1 bastante apretada, lo cierto que llega a San Pedro para respaldar la candidatura del [&hellip;]<\/p>\n","protected":false},"author":4,"featured_media":61222,"comment_status":"open","ping_status":"closed","sticky":false,"template":"","format":"standard","meta":{"om_disable_all_campaigns":false,"_jetpack_memberships_contains_paid_content":false,"footnotes":""},"categories":[50,2,102],"tags":[],"class_list":["post-61221","post","type-post","status-publish","format-standard","has-post-thumbnail","hentry","category-destacadas","category-locales","category-politica-locales"],"aioseo_notices":[],"gutentor_comment":0,"jetpack_featured_media_url":"https:\/\/eldiariodesanpedro.com.ar\/sitio\/wp-content\/uploads\/2019\/10\/x10517-la-visita-fugaz-de-urtubey-a-tartagal-provoco-la-furia-y-los-piquetes-de-movimientos-sociales.jpg.pagespeed.ic_.LLRE3bZYn_.jpg","jetpack_shortlink":"https:\/\/wp.me\/p6RhLt-fVr","jetpack_sharing_enabled":true,"_links":{"self":[{"href":"https:\/\/eldiariodesanpedro.com.ar\/sitio\/wp-json\/wp\/v2\/posts\/61221","targetHints":{"allow":["GET"]}}],"collection":[{"href":"https:\/\/eldiariodesanpedro.com.ar\/sitio\/wp-json\/wp\/v2\/posts"}],"about":[{"href":"https:\/\/eldiariodesanpedro.com.ar\/sitio\/wp-json\/wp\/v2\/types\/post"}],"author":[{"embeddable":true,"href":"https:\/\/eldiariodesanpedro.com.ar\/sitio\/wp-json\/wp\/v2\/users\/4"}],"replies":[{"embeddable":true,"href":"https:\/\/eldiariodesanpedro.com.ar\/sitio\/wp-json\/wp\/v2\/comments?post=61221"}],"version-history":[{"count":1,"href":"https:\/\/eldiariodesanpedro.com.ar\/sitio\/wp-json\/wp\/v2\/posts\/61221\/revisions"}],"predecessor-version":[{"id":61223,"href":"https:\/\/eldiariodesanpedro.com.ar\/sitio\/wp-json\/wp\/v2\/posts\/61221\/revisions\/61223"}],"wp:featuredmedia":[{"embeddable":true,"href":"https:\/\/eldiariodesanpedro.com.ar\/sitio\/wp-json\/wp\/v2\/media\/61222"}],"wp:attachment":[{"href":"https:\/\/eldiariodesanpedro.com.ar\/sitio\/wp-json\/wp\/v2\/media?parent=61221"}],"wp:term":[{"taxonomy":"category","embeddable":true,"href":"https:\/\/eldiariodesanpedro.com.ar\/sitio\/wp-json\/wp\/v2\/categories?post=61221"},{"taxonomy":"post_tag","embeddable":true,"href":"https:\/\/eldiariodesanpedro.com.ar\/sitio\/wp-json\/wp\/v2\/tags?post=61221"}],"curies":[{"name":"wp","href":"https:\/\/api.w.org\/{rel}","templated":true}]}}