{"id":61218,"date":"2019-10-04T09:26:11","date_gmt":"2019-10-04T12:26:11","guid":{"rendered":"https:\/\/eldiariodesanpedro.com.ar\/sitio\/?p=61218"},"modified":"2019-10-04T09:26:16","modified_gmt":"2019-10-04T12:26:16","slug":"asaltaron-a-taxista-y-le-robaron-el-auto","status":"publish","type":"post","link":"https:\/\/eldiariodesanpedro.com.ar\/sitio\/asaltaron-a-taxista-y-le-robaron-el-auto\/","title":{"rendered":"Asaltaron a taxista y le robaron el auto"},"content":{"rendered":"<!-- VideographyWP Plugin Message: Automatic video embedding prevented by plugin options. -->\n\n<p>El hecho sucedi\u00f3 esta madrugada, un ch\u00f3fer de la Cooperativa de Taxis de nuestra ciudad sufri\u00f3 un lamentable y violento hecho delictivo. Fue atacado por una pareja de delincuentes mientras circulaban como pasajero. Le robaron pertenencias y el auto.<\/p>\n\n\n\n<p>Una pareja de delincuentes logra simular ser  pasajero y sube a uno de los autom\u00f3viles de Taxis conducido por un masculino mayor de edad, los mismo se trasladaban a  la localidad de Doyle.<\/p>\n\n\n\n<p>Al llegar a inmediaciones de Ruta 191, el ch\u00f3fer es amenazado con un arma blanca en su cuello, exigi\u00e9ndole todas sus pertenencias y que se baje del auto.<\/p>\n\n\n\n<p>La pareja se da a la fuga en el veh\u00edculo r\u00e1pidamente , dejando sola a la victima en medio de la oscuridad, quien acude a pedir ayuda a los guardias de la empresa Termoel\u00e9ctrica que se encontraba cerca.<\/p>\n\n\n\n<p>Desde all\u00ed dan aviso a la polic\u00eda rural, trasladando al ch\u00f3fer para la comisaria local hacer su denuncia.<\/p>\n\n\n\n<p>Ampliaremos mas detalles <\/p>\n","protected":false},"excerpt":{"rendered":"<p>El hecho sucedi\u00f3 esta madrugada, un ch\u00f3fer de la Cooperativa de Taxis de nuestra ciudad sufri\u00f3 un lamentable y violento hecho delictivo. Fue atacado por una pareja de delincuentes mientras circulaban como pasajero. Le robaron pertenencias y el auto. Una pareja de delincuentes logra simular ser pasajero y sube a uno de los autom\u00f3viles de [&hellip;]<\/p>\n","protected":false},"author":4,"featured_media":61219,"comment_status":"open","ping_status":"closed","sticky":false,"template":"","format":"standard","meta":{"om_disable_all_campaigns":false,"_jetpack_memberships_contains_paid_content":false,"footnotes":""},"categories":[50,2,103],"tags":[],"class_list":["post-61218","post","type-post","status-publish","format-standard","has-post-thumbnail","hentry","category-destacadas","category-locales","category-policiales-locales"],"aioseo_notices":[],"gutentor_comment":0,"jetpack_featured_media_url":"https:\/\/eldiariodesanpedro.com.ar\/sitio\/wp-content\/uploads\/2019\/10\/Taxista-1-600x433-e1501503391774-1024x739-1024x630.jpg","jetpack_shortlink":"https:\/\/wp.me\/p6RhLt-fVo","jetpack_sharing_enabled":true,"_links":{"self":[{"href":"https:\/\/eldiariodesanpedro.com.ar\/sitio\/wp-json\/wp\/v2\/posts\/61218","targetHints":{"allow":["GET"]}}],"collection":[{"href":"https:\/\/eldiariodesanpedro.com.ar\/sitio\/wp-json\/wp\/v2\/posts"}],"about":[{"href":"https:\/\/eldiariodesanpedro.com.ar\/sitio\/wp-json\/wp\/v2\/types\/post"}],"author":[{"embeddable":true,"href":"https:\/\/eldiariodesanpedro.com.ar\/sitio\/wp-json\/wp\/v2\/users\/4"}],"replies":[{"embeddable":true,"href":"https:\/\/eldiariodesanpedro.com.ar\/sitio\/wp-json\/wp\/v2\/comments?post=61218"}],"version-history":[{"count":1,"href":"https:\/\/eldiariodesanpedro.com.ar\/sitio\/wp-json\/wp\/v2\/posts\/61218\/revisions"}],"predecessor-version":[{"id":61220,"href":"https:\/\/eldiariodesanpedro.com.ar\/sitio\/wp-json\/wp\/v2\/posts\/61218\/revisions\/61220"}],"wp:featuredmedia":[{"embeddable":true,"href":"https:\/\/eldiariodesanpedro.com.ar\/sitio\/wp-json\/wp\/v2\/media\/61219"}],"wp:attachment":[{"href":"https:\/\/eldiariodesanpedro.com.ar\/sitio\/wp-json\/wp\/v2\/media?parent=61218"}],"wp:term":[{"taxonomy":"category","embeddable":true,"href":"https:\/\/eldiariodesanpedro.com.ar\/sitio\/wp-json\/wp\/v2\/categories?post=61218"},{"taxonomy":"post_tag","embeddable":true,"href":"https:\/\/eldiariodesanpedro.com.ar\/sitio\/wp-json\/wp\/v2\/tags?post=61218"}],"curies":[{"name":"wp","href":"https:\/\/api.w.org\/{rel}","templated":true}]}}