{"id":61213,"date":"2019-10-03T19:05:25","date_gmt":"2019-10-03T22:05:25","guid":{"rendered":"https:\/\/eldiariodesanpedro.com.ar\/sitio\/?p=61213"},"modified":"2019-10-03T19:05:29","modified_gmt":"2019-10-03T22:05:29","slug":"rio-tala-se-espera-la-resolucion-del-juez-para-la-situacion-procesal-del-acusado-de-abusar-de-su-hija","status":"publish","type":"post","link":"https:\/\/eldiariodesanpedro.com.ar\/sitio\/rio-tala-se-espera-la-resolucion-del-juez-para-la-situacion-procesal-del-acusado-de-abusar-de-su-hija\/","title":{"rendered":"RIO TALA: Se espera la resoluci\u00f3n del juez para la situaci\u00f3n procesal del acusado de abusar de su hija"},"content":{"rendered":"<!-- VideographyWP Plugin Message: Automatic video embedding prevented by plugin options. -->\n\n<p>A la fecha se espera la decisi\u00f3n del Juez de Garant\u00edas quien determinar\u00e1 la situaci\u00f3n procesal del sujeto acusado de abusar sexualmente de su hija de 7 meses de edad. <\/p>\n\n\n\n<p>El abusador fue acusado por la propia mam\u00e1 de la beb\u00e9 quien constat\u00f3 lesiones en sus partes \u00edntimas luego de haber asistido en una visita con \u00e9l.<\/p>\n\n\n\n<p>Recordemos que la Dr Ramos, titular de la Fiscalia N\u00ba11 que instruye la causa cont\u00f3 a los medios de comunicacion la situaci\u00f3n, en aquel mes de agosto del corriente a\u00f1o, \u00abla beba ten\u00eda lesiones constatadas y esta sospecha sobre el padre tiene que ver con que desde el primer momento la mam\u00e1 pone en conocimiento de que este se\u00f1or tendr\u00eda otras denuncias de hechos similares , por eso se pide la inmediata detenci\u00f3n otorgada por el Juez de Garant\u00edas, Dr. Pratti\u00bb<\/p>\n\n\n\n<p>Con respecto al antecedente del imputado expreso, \u00bb fue formulada en el mes de marzo, una causa que se tramita en la fiscalia N\u00ba5 a cargo del Dr Manso, surge un primer dato que este se\u00f1or que estaba al cuidado de dos nenas que eran hijas de su prima donde hubo una situaci\u00f3n que la nena se\u00f1al\u00f3 y la madre hizo la denuncia\u00bb.<\/p>\n\n\n\n<p>\u00abLa joven radic\u00f3 la denuncia el domingo( 25 de agosto), estamos hablando de una pareja de pap\u00e1s separados, donde tienen una relaci\u00f3n muy conflictiva, donde la beba iba y ven\u00eda con un r\u00e9gimen de visita, los fines de semana se quedaba con el pap\u00e1 y cuando la retir\u00f3 la madre toma conocimiento de la evidencia con la que nosotros estamos sosteniendo esta imputaci\u00f3n, adem\u00e1s la pericia m\u00e9dica fue contundente al indicar que no es un episodio \u00fanico sino que el informe nos refiere una situaci\u00f3n reiterada\u00bb.<\/p>\n\n\n\n<p>En la actualidad, se espera una pronta resoluci\u00f3n del Juez de Garant\u00edas para el hombre de 29 a\u00f1os, con respecto a la causa de abuso de su hija que lo tiene detenido en la unidad penal 3 de San Nicolas, a pesar de reclamar su inocencia en varias oportunidades, el juez de garant\u00edas deber\u00e1 dictar la prisi\u00f3n preventiva u otorgar la libertad.  <\/p>\n\n\n\n<p><\/p>\n","protected":false},"excerpt":{"rendered":"<p>A la fecha se espera la decisi\u00f3n del Juez de Garant\u00edas quien determinar\u00e1 la situaci\u00f3n procesal del sujeto acusado de abusar sexualmente de su hija de 7 meses de edad. El abusador fue acusado por la propia mam\u00e1 de la beb\u00e9 quien constat\u00f3 lesiones en sus partes \u00edntimas luego de haber asistido en una visita [&hellip;]<\/p>\n","protected":false},"author":4,"featured_media":61214,"comment_status":"open","ping_status":"closed","sticky":false,"template":"","format":"standard","meta":{"om_disable_all_campaigns":false,"_jetpack_memberships_contains_paid_content":false,"footnotes":""},"categories":[50,2,103],"tags":[],"class_list":["post-61213","post","type-post","status-publish","format-standard","has-post-thumbnail","hentry","category-destacadas","category-locales","category-policiales-locales"],"aioseo_notices":[],"gutentor_comment":0,"jetpack_featured_media_url":"https:\/\/eldiariodesanpedro.com.ar\/sitio\/wp-content\/uploads\/2019\/10\/patrullas-policia-noche.jpg","jetpack_shortlink":"https:\/\/wp.me\/p6RhLt-fVj","jetpack_sharing_enabled":true,"_links":{"self":[{"href":"https:\/\/eldiariodesanpedro.com.ar\/sitio\/wp-json\/wp\/v2\/posts\/61213","targetHints":{"allow":["GET"]}}],"collection":[{"href":"https:\/\/eldiariodesanpedro.com.ar\/sitio\/wp-json\/wp\/v2\/posts"}],"about":[{"href":"https:\/\/eldiariodesanpedro.com.ar\/sitio\/wp-json\/wp\/v2\/types\/post"}],"author":[{"embeddable":true,"href":"https:\/\/eldiariodesanpedro.com.ar\/sitio\/wp-json\/wp\/v2\/users\/4"}],"replies":[{"embeddable":true,"href":"https:\/\/eldiariodesanpedro.com.ar\/sitio\/wp-json\/wp\/v2\/comments?post=61213"}],"version-history":[{"count":1,"href":"https:\/\/eldiariodesanpedro.com.ar\/sitio\/wp-json\/wp\/v2\/posts\/61213\/revisions"}],"predecessor-version":[{"id":61215,"href":"https:\/\/eldiariodesanpedro.com.ar\/sitio\/wp-json\/wp\/v2\/posts\/61213\/revisions\/61215"}],"wp:featuredmedia":[{"embeddable":true,"href":"https:\/\/eldiariodesanpedro.com.ar\/sitio\/wp-json\/wp\/v2\/media\/61214"}],"wp:attachment":[{"href":"https:\/\/eldiariodesanpedro.com.ar\/sitio\/wp-json\/wp\/v2\/media?parent=61213"}],"wp:term":[{"taxonomy":"category","embeddable":true,"href":"https:\/\/eldiariodesanpedro.com.ar\/sitio\/wp-json\/wp\/v2\/categories?post=61213"},{"taxonomy":"post_tag","embeddable":true,"href":"https:\/\/eldiariodesanpedro.com.ar\/sitio\/wp-json\/wp\/v2\/tags?post=61213"}],"curies":[{"name":"wp","href":"https:\/\/api.w.org\/{rel}","templated":true}]}}