{"id":61210,"date":"2019-10-03T18:33:44","date_gmt":"2019-10-03T21:33:44","guid":{"rendered":"https:\/\/eldiariodesanpedro.com.ar\/sitio\/?p=61210"},"modified":"2019-10-03T18:33:48","modified_gmt":"2019-10-03T21:33:48","slug":"ramallo-trabajar-en-el-poder-judicial-pone-en-riesgo-nuestra-integridad-fisica","status":"publish","type":"post","link":"https:\/\/eldiariodesanpedro.com.ar\/sitio\/ramallo-trabajar-en-el-poder-judicial-pone-en-riesgo-nuestra-integridad-fisica\/","title":{"rendered":"RAMALLO: \u201cTrabajar en el Poder Judicial pone en riesgo nuestra integridad f\u00edsica\u201d"},"content":{"rendered":"<!-- VideographyWP Plugin Message: Automatic video embedding prevented by plugin options. -->\n\n<p>La ca\u00edda de un cielorraso en el Juzgado de Paz de Ramallo puso en serio riesgo la salud de las y los trabajadores. A partir de la intervenci\u00f3n del sindicato se dispuso el retiro del lugar de trabajo.<\/p>\n\n\n\n<p>El pasado mi\u00e9rcoles, en horas de la tarde, se desprendi\u00f3 una parte importante del cielorraso y la luminaria de una de las oficinas del Juzgado de Paz Letrado de la ciudad de Ramallo, cayendo los escombros sobre el escritorio de un trabajador y el resto del mobiliario.<\/p>\n\n\n\n<p>Adem\u00e1s de esa oficina, se pudo constatar que el problema con el techo se replicaba en otros despachos de la dependencia, poniendo en riesgo la integridad f\u00edsica de las y los trabajadores que desarrollan sus tareas en el organismo.<\/p>\n\n\n\n<p>Al respecto, Anal\u00eda Maiztegui, secretaria General de la Departamental San Nicol\u00e1s expres\u00f3 que \u201cal tomar conocimiento de la situaci\u00f3n, nos hicimos presentes en el Juzgado a primera hora del d\u00eda jueves, a fin de poder realizar una primera evaluaci\u00f3n del problema. A partir de esta constataci\u00f3n dialogamos con las y los compa\u00f1eros judiciales a fin de decidir colectivamente las acciones a seguir, determin\u00e1ndose el retiro de las y los trabajadores del lugar de trabajo hasta tanto se dictaminara si exist\u00eda riesgo de un nuevo desprendimiento\u201d.<\/p>\n\n\n\n<p>Luego de una primera evaluaci\u00f3n, la Delegaci\u00f3n local de Arquitectura determin\u00f3 la intervenci\u00f3n de un ingeniero para realizar una evaluaci\u00f3n integral del edificio, la que se concret\u00f3 el d\u00eda viernes. A partir de las recomendaciones del profesional se dispuso el apuntalamiento del techo de varias oficinas y la desocupaci\u00f3n del despacho de la Secretar\u00eda.<\/p>\n\n\n\n<p>Cabe destacar que el inmueble ocupado por el Juzgado de Paz es, como ocurre habitualmente a lo largo y ancho de la Provincia, un edificio alquilado que se encontraba en proceso de adquisici\u00f3n por parte del Poder Judicial desde hace varios a\u00f1os, proceso que fue suspendido a partir de este suceso. Previamente a este siniestro, muchos de los arreglos que requer\u00eda la dependencia se fueron posponiendo a la espera de concretar la adquisici\u00f3n del inmueble, provocando situaciones como la ocurrida.<\/p>\n\n\n\n<p>\u201cEsta no es la primera vez que se produce un desprendimiento del techo. Hasta ahora hemos tenido la suerte de que no caiga encima de ninguna persona. Es la Suprema Corte, en su condici\u00f3n de empleador, la responsable de garantizar nuestra salud, y por tanto la hacemos responsable de cualquier da\u00f1o que puedan sufrir las y los trabajadores como consecuencia de la falta de inversi\u00f3n en el mantenimiento de los edificios en que trabajamos\u201d, finaliz\u00f3 la secretaria General de San Nicol\u00e1s.<\/p>\n\n\n\n<p>La AJB reclama desde hace varios a\u00f1os tanto al Ejecutivo provincial, como a la Suprema Corte y la Procuraci\u00f3n, una soluci\u00f3n integral a los graves problemas de infraestructura que padece el Poder Judicial. Hasta el momento ese reclamo no ha tenido una respuesta adecuada, por lo que se contin\u00faa poniendo en riesgo la salud e integridad f\u00edsica de las y los trabajadores judiciales.<\/p>\n\n\n\n<p><br><\/p>\n","protected":false},"excerpt":{"rendered":"<p>La ca\u00edda de un cielorraso en el Juzgado de Paz de Ramallo puso en serio riesgo la salud de las y los trabajadores. A partir de la intervenci\u00f3n del sindicato se dispuso el retiro del lugar de trabajo. El pasado mi\u00e9rcoles, en horas de la tarde, se desprendi\u00f3 una parte importante del cielorraso y la [&hellip;]<\/p>\n","protected":false},"author":4,"featured_media":61211,"comment_status":"open","ping_status":"closed","sticky":false,"template":"","format":"standard","meta":{"om_disable_all_campaigns":false,"_jetpack_memberships_contains_paid_content":false,"footnotes":""},"categories":[621],"tags":[],"class_list":["post-61210","post","type-post","status-publish","format-standard","has-post-thumbnail","hentry","category-regionales"],"aioseo_notices":[],"gutentor_comment":0,"jetpack_featured_media_url":"https:\/\/eldiariodesanpedro.com.ar\/sitio\/wp-content\/uploads\/2019\/10\/unnamed.jpg","jetpack_shortlink":"https:\/\/wp.me\/p6RhLt-fVg","jetpack_sharing_enabled":true,"_links":{"self":[{"href":"https:\/\/eldiariodesanpedro.com.ar\/sitio\/wp-json\/wp\/v2\/posts\/61210","targetHints":{"allow":["GET"]}}],"collection":[{"href":"https:\/\/eldiariodesanpedro.com.ar\/sitio\/wp-json\/wp\/v2\/posts"}],"about":[{"href":"https:\/\/eldiariodesanpedro.com.ar\/sitio\/wp-json\/wp\/v2\/types\/post"}],"author":[{"embeddable":true,"href":"https:\/\/eldiariodesanpedro.com.ar\/sitio\/wp-json\/wp\/v2\/users\/4"}],"replies":[{"embeddable":true,"href":"https:\/\/eldiariodesanpedro.com.ar\/sitio\/wp-json\/wp\/v2\/comments?post=61210"}],"version-history":[{"count":1,"href":"https:\/\/eldiariodesanpedro.com.ar\/sitio\/wp-json\/wp\/v2\/posts\/61210\/revisions"}],"predecessor-version":[{"id":61212,"href":"https:\/\/eldiariodesanpedro.com.ar\/sitio\/wp-json\/wp\/v2\/posts\/61210\/revisions\/61212"}],"wp:featuredmedia":[{"embeddable":true,"href":"https:\/\/eldiariodesanpedro.com.ar\/sitio\/wp-json\/wp\/v2\/media\/61211"}],"wp:attachment":[{"href":"https:\/\/eldiariodesanpedro.com.ar\/sitio\/wp-json\/wp\/v2\/media?parent=61210"}],"wp:term":[{"taxonomy":"category","embeddable":true,"href":"https:\/\/eldiariodesanpedro.com.ar\/sitio\/wp-json\/wp\/v2\/categories?post=61210"},{"taxonomy":"post_tag","embeddable":true,"href":"https:\/\/eldiariodesanpedro.com.ar\/sitio\/wp-json\/wp\/v2\/tags?post=61210"}],"curies":[{"name":"wp","href":"https:\/\/api.w.org\/{rel}","templated":true}]}}