{"id":6121,"date":"2016-07-18T18:57:45","date_gmt":"2016-07-18T21:57:45","guid":{"rendered":"https:\/\/eldiariodesanpedro.com.ar\/sitio\/?p=6121"},"modified":"2016-07-18T18:57:45","modified_gmt":"2016-07-18T21:57:45","slug":"bomberos-sofoco-un-incendio-en-pellegrini-al-2700","status":"publish","type":"post","link":"https:\/\/eldiariodesanpedro.com.ar\/sitio\/bomberos-sofoco-un-incendio-en-pellegrini-al-2700\/","title":{"rendered":"Bomberos sofoc\u00f3 un incendio en Pellegrini al 2700"},"content":{"rendered":"<p><!-- VideographyWP Plugin Message: Automatic video embedding prevented by plugin options. --><br \/>\nDos dotaciones del cuerpo de Bomberos Voluntarios debieron intervenir ayer por la tarde en un siniestro ocurrido en una panificadora que se encuentra en calle Pellegrini al 2700.<br \/>\nEl mismo se origin\u00f3, por causas que se tratan de establecer, en una c\u00e1mara dentro de la propiedad.<br \/>\nEl oficial a cargo, Mauro Arregui, cont\u00f3 sobre lo sucedido: \u201cOcurri\u00f3 en una panificadora, en el primer piso, en una c\u00e1mara de elevaci\u00f3n, tom\u00f3 fuego completamente y se procedi\u00f3 a trabajar en piso superior\u201d. \u201cSe ingres\u00f3 a la c\u00e1mara que estaba totalmente encendida, con \u00e9xito, no se propag\u00f3 el fuego y lo que es la estructura edilicia no sufri\u00f3 da\u00f1os\u201d, asegur\u00f3.<br \/>\nAl tiempo, Arregui relat\u00f3: \u201cHab\u00eda mucho humo. Mediante equipo de respiraci\u00f3n y una l\u00ednea de ataque sofocamos el siniestro\u201d.<\/p>\n","protected":false},"excerpt":{"rendered":"<p>Dos dotaciones del cuerpo de Bomberos Voluntarios debieron intervenir ayer por la tarde en un siniestro ocurrido en una panificadora que se encuentra en calle Pellegrini al 2700. El mismo se origin\u00f3, por causas que se tratan de establecer, en una c\u00e1mara dentro de la propiedad. El oficial a cargo, Mauro Arregui, cont\u00f3 sobre lo [&hellip;]<\/p>\n","protected":false},"author":4,"featured_media":6122,"comment_status":"open","ping_status":"closed","sticky":false,"template":"","format":"standard","meta":{"om_disable_all_campaigns":false,"_jetpack_memberships_contains_paid_content":false,"footnotes":""},"categories":[50,101,2],"tags":[],"class_list":["post-6121","post","type-post","status-publish","format-standard","has-post-thumbnail","hentry","category-destacadas","category-interes-general-locales","category-locales"],"aioseo_notices":[],"gutentor_comment":0,"jetpack_featured_media_url":"https:\/\/eldiariodesanpedro.com.ar\/sitio\/wp-content\/uploads\/2016\/07\/PAGINA-3-02.jpg","jetpack_shortlink":"https:\/\/wp.me\/p6RhLt-1AJ","jetpack_sharing_enabled":true,"_links":{"self":[{"href":"https:\/\/eldiariodesanpedro.com.ar\/sitio\/wp-json\/wp\/v2\/posts\/6121","targetHints":{"allow":["GET"]}}],"collection":[{"href":"https:\/\/eldiariodesanpedro.com.ar\/sitio\/wp-json\/wp\/v2\/posts"}],"about":[{"href":"https:\/\/eldiariodesanpedro.com.ar\/sitio\/wp-json\/wp\/v2\/types\/post"}],"author":[{"embeddable":true,"href":"https:\/\/eldiariodesanpedro.com.ar\/sitio\/wp-json\/wp\/v2\/users\/4"}],"replies":[{"embeddable":true,"href":"https:\/\/eldiariodesanpedro.com.ar\/sitio\/wp-json\/wp\/v2\/comments?post=6121"}],"version-history":[{"count":1,"href":"https:\/\/eldiariodesanpedro.com.ar\/sitio\/wp-json\/wp\/v2\/posts\/6121\/revisions"}],"predecessor-version":[{"id":6123,"href":"https:\/\/eldiariodesanpedro.com.ar\/sitio\/wp-json\/wp\/v2\/posts\/6121\/revisions\/6123"}],"wp:featuredmedia":[{"embeddable":true,"href":"https:\/\/eldiariodesanpedro.com.ar\/sitio\/wp-json\/wp\/v2\/media\/6122"}],"wp:attachment":[{"href":"https:\/\/eldiariodesanpedro.com.ar\/sitio\/wp-json\/wp\/v2\/media?parent=6121"}],"wp:term":[{"taxonomy":"category","embeddable":true,"href":"https:\/\/eldiariodesanpedro.com.ar\/sitio\/wp-json\/wp\/v2\/categories?post=6121"},{"taxonomy":"post_tag","embeddable":true,"href":"https:\/\/eldiariodesanpedro.com.ar\/sitio\/wp-json\/wp\/v2\/tags?post=6121"}],"curies":[{"name":"wp","href":"https:\/\/api.w.org\/{rel}","templated":true}]}}