{"id":61199,"date":"2019-10-03T18:07:35","date_gmt":"2019-10-03T21:07:35","guid":{"rendered":"https:\/\/eldiariodesanpedro.com.ar\/sitio\/?p=61199"},"modified":"2019-10-03T18:07:36","modified_gmt":"2019-10-03T21:07:36","slug":"secuestro-de-armas-en-allanamiento","status":"publish","type":"post","link":"https:\/\/eldiariodesanpedro.com.ar\/sitio\/secuestro-de-armas-en-allanamiento\/","title":{"rendered":"Secuestro de armas en allanamiento"},"content":{"rendered":"<!-- VideographyWP Plugin Message: Automatic video embedding prevented by plugin options. -->\n\n<p>Sucedi\u00f3 por la tarde del mi\u00e9rcoles, Personal del Gabinete Criminologico, Personal de DDI San Pedro y Grupo de Apoyo Departamental GAD, procedieron a un allanamiento por un hecho de robo d\u00edas atr\u00e1s arrojando resultado positivo. <\/p>\n\n\n\n<p>Tras tareas investigativas realizadas en el marco de un hecho de ROBO denunciado el d\u00eda viernes y ocurrido en una vivienda en calle Boulevard Moreno al 3000, se logra establecer fehacientemente la autor\u00eda del sujeto masculino de 25 a\u00f1os de edad. <\/p>\n\n\n\n<p>Tras r\u00e1pido accionar de la Justicia se extendi\u00f3 orden allanamiento domicilio donde reside el delincuente mencionado, sito en calle Bajada de Ch\u00e1vez, el cual se diligencio en un amplio operativo policial del personal del mismo gabinete por la tarde de este miercoles.<\/p>\n\n\n\n<p>El procedimiento se llevo a cabo junto con personal del GAD y  DDI locales. <\/p>\n\n\n\n<p>En el lugar se aprehendi\u00f3 al imputado del robo, secustrandose efectos  buscados, como as\u00ed un arma de fuego tipo carabina que guardaba de manera ilegal.<\/p>\n\n\n\n<p> El delincuente permanece detenido en la sede policial\u00a0\u00a0a disposici\u00f3n de la fiscal\u00eda en turno local.<\/p>\n\n\n\n<figure class=\"wp-block-image\"><img decoding=\"async\" width=\"1280\" height=\"669\" data-attachment-id=\"61203\" data-permalink=\"https:\/\/eldiariodesanpedro.com.ar\/sitio\/secuestro-de-armas-en-allanamiento\/whatsapp-image-2019-10-03-at-11-16-47\/\" data-orig-file=\"https:\/\/eldiariodesanpedro.com.ar\/sitio\/wp-content\/uploads\/2019\/10\/WhatsApp-Image-2019-10-03-at-11.16.47.jpeg\" data-orig-size=\"1280,669\" data-comments-opened=\"1\" data-image-meta=\"{&quot;aperture&quot;:&quot;0&quot;,&quot;credit&quot;:&quot;&quot;,&quot;camera&quot;:&quot;&quot;,&quot;caption&quot;:&quot;&quot;,&quot;created_timestamp&quot;:&quot;0&quot;,&quot;copyright&quot;:&quot;&quot;,&quot;focal_length&quot;:&quot;0&quot;,&quot;iso&quot;:&quot;0&quot;,&quot;shutter_speed&quot;:&quot;0&quot;,&quot;title&quot;:&quot;&quot;,&quot;orientation&quot;:&quot;0&quot;}\" data-image-title=\"WhatsApp-Image-2019-10-03-at-11.16.47\" data-image-description=\"\" data-image-caption=\"\" data-large-file=\"https:\/\/eldiariodesanpedro.com.ar\/sitio\/wp-content\/uploads\/2019\/10\/WhatsApp-Image-2019-10-03-at-11.16.47-1024x535.jpeg\" data-src=\"https:\/\/i2.wp.com\/eldiariodesanpedro.com.ar\/sitio\/wp-content\/uploads\/2019\/10\/WhatsApp-Image-2019-10-03-at-11.16.47.jpeg?fit=660%2C345\" alt=\"\" class=\"wp-image-61203 lazyload\" data-srcset=\"https:\/\/eldiariodesanpedro.com.ar\/sitio\/wp-content\/uploads\/2019\/10\/WhatsApp-Image-2019-10-03-at-11.16.47.jpeg 1280w, https:\/\/eldiariodesanpedro.com.ar\/sitio\/wp-content\/uploads\/2019\/10\/WhatsApp-Image-2019-10-03-at-11.16.47-300x157.jpeg 300w, https:\/\/eldiariodesanpedro.com.ar\/sitio\/wp-content\/uploads\/2019\/10\/WhatsApp-Image-2019-10-03-at-11.16.47-768x401.jpeg 768w, https:\/\/eldiariodesanpedro.com.ar\/sitio\/wp-content\/uploads\/2019\/10\/WhatsApp-Image-2019-10-03-at-11.16.47-1024x535.jpeg 1024w, https:\/\/eldiariodesanpedro.com.ar\/sitio\/wp-content\/uploads\/2019\/10\/WhatsApp-Image-2019-10-03-at-11.16.47-390x205.jpeg 390w\" data-sizes=\"(max-width: 1280px) 100vw, 1280px\" src=\"data:image\/svg+xml;base64,PHN2ZyB3aWR0aD0iMSIgaGVpZ2h0PSIxIiB4bWxucz0iaHR0cDovL3d3dy53My5vcmcvMjAwMC9zdmciPjwvc3ZnPg==\" style=\"--smush-placeholder-width: 1280px; --smush-placeholder-aspect-ratio: 1280\/669;\" \/><\/figure>\n","protected":false},"excerpt":{"rendered":"<p>Sucedi\u00f3 por la tarde del mi\u00e9rcoles, Personal del Gabinete Criminologico, Personal de DDI San Pedro y Grupo de Apoyo Departamental GAD, procedieron a un allanamiento por un hecho de robo d\u00edas atr\u00e1s arrojando resultado positivo. Tras tareas investigativas realizadas en el marco de un hecho de ROBO denunciado el d\u00eda viernes y ocurrido en una [&hellip;]<\/p>\n","protected":false},"author":4,"featured_media":61206,"comment_status":"open","ping_status":"closed","sticky":false,"template":"","format":"standard","meta":{"om_disable_all_campaigns":false,"_jetpack_memberships_contains_paid_content":false,"footnotes":""},"categories":[50,2,103],"tags":[],"class_list":["post-61199","post","type-post","status-publish","format-standard","has-post-thumbnail","hentry","category-destacadas","category-locales","category-policiales-locales"],"aioseo_notices":[],"gutentor_comment":0,"jetpack_featured_media_url":"https:\/\/eldiariodesanpedro.com.ar\/sitio\/wp-content\/uploads\/2019\/10\/IMG-20191003-WA0015.jpg","jetpack_shortlink":"https:\/\/wp.me\/p6RhLt-fV5","jetpack_sharing_enabled":true,"_links":{"self":[{"href":"https:\/\/eldiariodesanpedro.com.ar\/sitio\/wp-json\/wp\/v2\/posts\/61199","targetHints":{"allow":["GET"]}}],"collection":[{"href":"https:\/\/eldiariodesanpedro.com.ar\/sitio\/wp-json\/wp\/v2\/posts"}],"about":[{"href":"https:\/\/eldiariodesanpedro.com.ar\/sitio\/wp-json\/wp\/v2\/types\/post"}],"author":[{"embeddable":true,"href":"https:\/\/eldiariodesanpedro.com.ar\/sitio\/wp-json\/wp\/v2\/users\/4"}],"replies":[{"embeddable":true,"href":"https:\/\/eldiariodesanpedro.com.ar\/sitio\/wp-json\/wp\/v2\/comments?post=61199"}],"version-history":[{"count":1,"href":"https:\/\/eldiariodesanpedro.com.ar\/sitio\/wp-json\/wp\/v2\/posts\/61199\/revisions"}],"predecessor-version":[{"id":61207,"href":"https:\/\/eldiariodesanpedro.com.ar\/sitio\/wp-json\/wp\/v2\/posts\/61199\/revisions\/61207"}],"wp:featuredmedia":[{"embeddable":true,"href":"https:\/\/eldiariodesanpedro.com.ar\/sitio\/wp-json\/wp\/v2\/media\/61206"}],"wp:attachment":[{"href":"https:\/\/eldiariodesanpedro.com.ar\/sitio\/wp-json\/wp\/v2\/media?parent=61199"}],"wp:term":[{"taxonomy":"category","embeddable":true,"href":"https:\/\/eldiariodesanpedro.com.ar\/sitio\/wp-json\/wp\/v2\/categories?post=61199"},{"taxonomy":"post_tag","embeddable":true,"href":"https:\/\/eldiariodesanpedro.com.ar\/sitio\/wp-json\/wp\/v2\/tags?post=61199"}],"curies":[{"name":"wp","href":"https:\/\/api.w.org\/{rel}","templated":true}]}}