{"id":61198,"date":"2019-10-03T10:15:05","date_gmt":"2019-10-03T13:15:05","guid":{"rendered":"https:\/\/eldiariodesanpedro.com.ar\/sitio\/?p=61198"},"modified":"2019-10-03T10:15:09","modified_gmt":"2019-10-03T13:15:09","slug":"ramallo-alertan-por-el-estado-de-la-ruta-51","status":"publish","type":"post","link":"https:\/\/eldiariodesanpedro.com.ar\/sitio\/ramallo-alertan-por-el-estado-de-la-ruta-51\/","title":{"rendered":"RAMALLO | Alertan por el estado de la Ruta 51"},"content":{"rendered":"<!-- VideographyWP Plugin Message: Automatic video embedding prevented by plugin options. -->\n\n<p>La Asamblea Ruta 51 emiti\u00f3 un comunicado donde alerta sobre el r\u00e1pido deterioro de la calzada de la ruta provincial 51.<\/p>\n\n\n\n<p>\u201cDesde hace varios meses la Asamblea recibe mensajes de amigos que circulan por la ruta en todo el tramo repavimentado recientemente. En ellos expresan la preocupaci\u00f3n por el r\u00e1pido deterioro que est\u00e1 sufriendo la calzada. Deterioro que deber\u00eda ser inexistente si la obra hubiera sido llevada a cabo tal como se prometi\u00f3 y se firm\u00f3 en las licitaciones. El tiempo de durabilidad para estas repavimentaciones es de 8 a 10 a\u00f1os, por eso es alarmante que ya se comiencen a ver ondulaciones y roturas\u201d, remarcaron en el comunicado.<\/p>\n\n\n\n<p>Si bien resaltaron que no se da en todo el tramo de la ruta donde ser realizaron las obras de repavimentaci\u00f3n, enfatizaron: \u201cvemos injusto que el bonaerense pague a trav\u00e9s de sus impuestos dos veces la misma obra. La primera para repavimentar y la segunda para tapar los pozos de la repavimentaci\u00f3n a meses de haber sido concluida\u201d.<\/p>\n\n\n\n<p>Adem\u00e1s instan a los municipios a que canalicen los reclamos. \u201cViendo esta situaci\u00f3n instamos a los municipios a que pidan por los canales correspondientes la pronta intervenci\u00f3n del gobierno provincial con una investigaci\u00f3n sobre lo que est\u00e1 ocurriendo\u201d, expresaron.<\/p>\n\n\n\n<p>\u201cPor nuestra parte seguiremos pidiendo ser o\u00eddos por la gesti\u00f3n provincial solicitando los controles de alcoholemia y de peso con las balanzas m\u00f3viles para prevenir accidentes y cuidar la obra que hemos conquistado con tanta lucha\u201d, sostienen.<\/p>\n\n\n\n<p>Fuente: Ramallo ciudad<\/p>\n","protected":false},"excerpt":{"rendered":"<p>La Asamblea Ruta 51 emiti\u00f3 un comunicado donde alerta sobre el r\u00e1pido deterioro de la calzada de la ruta provincial 51. \u201cDesde hace varios meses la Asamblea recibe mensajes de amigos que circulan por la ruta en todo el tramo repavimentado recientemente. En ellos expresan la preocupaci\u00f3n por el r\u00e1pido deterioro que est\u00e1 sufriendo la [&hellip;]<\/p>\n","protected":false},"author":4,"featured_media":61200,"comment_status":"open","ping_status":"closed","sticky":false,"template":"","format":"standard","meta":{"om_disable_all_campaigns":false,"_jetpack_memberships_contains_paid_content":false,"footnotes":""},"categories":[621],"tags":[],"class_list":["post-61198","post","type-post","status-publish","format-standard","has-post-thumbnail","hentry","category-regionales"],"aioseo_notices":[],"gutentor_comment":0,"jetpack_featured_media_url":"https:\/\/eldiariodesanpedro.com.ar\/sitio\/wp-content\/uploads\/2019\/10\/bbx_445251440_1_ruta_51.jpg","jetpack_shortlink":"https:\/\/wp.me\/p6RhLt-fV4","jetpack_sharing_enabled":true,"_links":{"self":[{"href":"https:\/\/eldiariodesanpedro.com.ar\/sitio\/wp-json\/wp\/v2\/posts\/61198","targetHints":{"allow":["GET"]}}],"collection":[{"href":"https:\/\/eldiariodesanpedro.com.ar\/sitio\/wp-json\/wp\/v2\/posts"}],"about":[{"href":"https:\/\/eldiariodesanpedro.com.ar\/sitio\/wp-json\/wp\/v2\/types\/post"}],"author":[{"embeddable":true,"href":"https:\/\/eldiariodesanpedro.com.ar\/sitio\/wp-json\/wp\/v2\/users\/4"}],"replies":[{"embeddable":true,"href":"https:\/\/eldiariodesanpedro.com.ar\/sitio\/wp-json\/wp\/v2\/comments?post=61198"}],"version-history":[{"count":1,"href":"https:\/\/eldiariodesanpedro.com.ar\/sitio\/wp-json\/wp\/v2\/posts\/61198\/revisions"}],"predecessor-version":[{"id":61201,"href":"https:\/\/eldiariodesanpedro.com.ar\/sitio\/wp-json\/wp\/v2\/posts\/61198\/revisions\/61201"}],"wp:featuredmedia":[{"embeddable":true,"href":"https:\/\/eldiariodesanpedro.com.ar\/sitio\/wp-json\/wp\/v2\/media\/61200"}],"wp:attachment":[{"href":"https:\/\/eldiariodesanpedro.com.ar\/sitio\/wp-json\/wp\/v2\/media?parent=61198"}],"wp:term":[{"taxonomy":"category","embeddable":true,"href":"https:\/\/eldiariodesanpedro.com.ar\/sitio\/wp-json\/wp\/v2\/categories?post=61198"},{"taxonomy":"post_tag","embeddable":true,"href":"https:\/\/eldiariodesanpedro.com.ar\/sitio\/wp-json\/wp\/v2\/tags?post=61198"}],"curies":[{"name":"wp","href":"https:\/\/api.w.org\/{rel}","templated":true}]}}