{"id":61195,"date":"2019-10-03T10:08:17","date_gmt":"2019-10-03T13:08:17","guid":{"rendered":"https:\/\/eldiariodesanpedro.com.ar\/sitio\/?p=61195"},"modified":"2019-10-03T10:08:21","modified_gmt":"2019-10-03T13:08:21","slug":"baradero-intendenta-fernanda-antonijevic-proyecto-de-ordenanza-sobre-pago-de-multas-de-transito-con-trabajo-comunitario","status":"publish","type":"post","link":"https:\/\/eldiariodesanpedro.com.ar\/sitio\/baradero-intendenta-fernanda-antonijevic-proyecto-de-ordenanza-sobre-pago-de-multas-de-transito-con-trabajo-comunitario\/","title":{"rendered":"BARADERO | Intendenta Fernanda Antonijevic: Proyecto de Ordenanza sobre pago de multas de tr\u00e1nsito con trabajo comunitario."},"content":{"rendered":"<!-- VideographyWP Plugin Message: Automatic video embedding prevented by plugin options. -->\n\n<p>La Intendente Municipal Fernanda Antonijevic en Conferencia de Prensa llevada a cabo en su despacho, en la ma\u00f1ana de este mi\u00e9rcoles 2 de Octubre, para presentar un proyecto de Ordenanza para ser presentado ante el Concejo Deliberante de nuestra ciudad que tiene que ver con la problem\u00e1tica Vial<em>,&nbsp;<\/em>el valor que tienen las multas, que no lo fija la Municipalidad de Baradero, sino que dependen de una Ley Provincial y el C\u00f3digo Nacional de Tr\u00e1nsito.<\/p>\n\n\n\n<p>Al respecto manifest\u00f3:\u201d<em>Al estar fijado el valor de las multas seg\u00fan el precio de las naftas, realmente vemos que en muchos casos ha hecho imposible el pago de esas multas, y sin perjuicio de que lo que uno busca es que las normas de tr\u00e1nsito se respeten, lo que estamos presentando al Concejo Deliberante es un proyecto de Ordenanza que modifique el valor de la multa, es decir que la persona que comete una infracci\u00f3n y que voluntariamente la reconoce, pueda cambiar el pago de la multa por tareas comunitarias relacionadas a servicios que se plantean\u00a0 dentro de la Ley Nacional de Tr\u00e1nsito, no para todo tipo de multas, ya que no est\u00e1n inclu\u00eddas las faltas graves como alcoholemia, etc\u201d.<\/em><\/p>\n\n\n\n<p>Fuente: Baradero Hoy<\/p>\n","protected":false},"excerpt":{"rendered":"<p>La Intendente Municipal Fernanda Antonijevic en Conferencia de Prensa llevada a cabo en su despacho, en la ma\u00f1ana de este mi\u00e9rcoles 2 de Octubre, para presentar un proyecto de Ordenanza para ser presentado ante el Concejo Deliberante de nuestra ciudad que tiene que ver con la problem\u00e1tica Vial,&nbsp;el valor que tienen las multas, que no [&hellip;]<\/p>\n","protected":false},"author":4,"featured_media":61196,"comment_status":"open","ping_status":"closed","sticky":false,"template":"","format":"standard","meta":{"om_disable_all_campaigns":false,"_jetpack_memberships_contains_paid_content":false,"footnotes":""},"categories":[621],"tags":[],"class_list":["post-61195","post","type-post","status-publish","format-standard","has-post-thumbnail","hentry","category-regionales"],"aioseo_notices":[],"gutentor_comment":0,"jetpack_featured_media_url":"https:\/\/eldiariodesanpedro.com.ar\/sitio\/wp-content\/uploads\/2019\/10\/Fernanda-640x480.jpg","jetpack_shortlink":"https:\/\/wp.me\/p6RhLt-fV1","jetpack_sharing_enabled":true,"_links":{"self":[{"href":"https:\/\/eldiariodesanpedro.com.ar\/sitio\/wp-json\/wp\/v2\/posts\/61195","targetHints":{"allow":["GET"]}}],"collection":[{"href":"https:\/\/eldiariodesanpedro.com.ar\/sitio\/wp-json\/wp\/v2\/posts"}],"about":[{"href":"https:\/\/eldiariodesanpedro.com.ar\/sitio\/wp-json\/wp\/v2\/types\/post"}],"author":[{"embeddable":true,"href":"https:\/\/eldiariodesanpedro.com.ar\/sitio\/wp-json\/wp\/v2\/users\/4"}],"replies":[{"embeddable":true,"href":"https:\/\/eldiariodesanpedro.com.ar\/sitio\/wp-json\/wp\/v2\/comments?post=61195"}],"version-history":[{"count":1,"href":"https:\/\/eldiariodesanpedro.com.ar\/sitio\/wp-json\/wp\/v2\/posts\/61195\/revisions"}],"predecessor-version":[{"id":61197,"href":"https:\/\/eldiariodesanpedro.com.ar\/sitio\/wp-json\/wp\/v2\/posts\/61195\/revisions\/61197"}],"wp:featuredmedia":[{"embeddable":true,"href":"https:\/\/eldiariodesanpedro.com.ar\/sitio\/wp-json\/wp\/v2\/media\/61196"}],"wp:attachment":[{"href":"https:\/\/eldiariodesanpedro.com.ar\/sitio\/wp-json\/wp\/v2\/media?parent=61195"}],"wp:term":[{"taxonomy":"category","embeddable":true,"href":"https:\/\/eldiariodesanpedro.com.ar\/sitio\/wp-json\/wp\/v2\/categories?post=61195"},{"taxonomy":"post_tag","embeddable":true,"href":"https:\/\/eldiariodesanpedro.com.ar\/sitio\/wp-json\/wp\/v2\/tags?post=61195"}],"curies":[{"name":"wp","href":"https:\/\/api.w.org\/{rel}","templated":true}]}}