{"id":61191,"date":"2019-10-03T10:06:56","date_gmt":"2019-10-03T13:06:56","guid":{"rendered":"https:\/\/eldiariodesanpedro.com.ar\/sitio\/?p=61191"},"modified":"2019-10-03T10:07:00","modified_gmt":"2019-10-03T13:07:00","slug":"arrecifes-seguridad-sumo-una-torre-de-monitoreo-movil","status":"publish","type":"post","link":"https:\/\/eldiariodesanpedro.com.ar\/sitio\/arrecifes-seguridad-sumo-una-torre-de-monitoreo-movil\/","title":{"rendered":"ARRECIFES | Seguridad: Sum\u00f3 una torre de monitoreo m\u00f3vil"},"content":{"rendered":"<!-- VideographyWP Plugin Message: Automatic video embedding prevented by plugin options. -->\n\n<p>En el d\u00eda de ayer lleg\u00f3 a nuestra ciudad una torre de monitoreo m\u00f3vil gestionada por el intendente Javier Olaeta ante el Ministerio de Seguridad de la Provincia de Buenos Aires, a cargo de Cristian Ritondo.<\/p>\n\n\n\n<p>En este momento la misma se encuentra ubicada en el cruce de rutas 8 y 51, funcionando con un oficial de polic\u00eda asignado.<\/p>\n\n\n\n<p>Arrecifes es uno de los pocos nunicipios del interior de la provincia en contar con una torre de monitoreo m\u00f3vil y el primero para el que fue asignada en forma permanente. El resto se encuentra en Quilmes, Pilar, Escobar y el Partido de la Costa.<\/p>\n\n\n\n<p>Esta cabina hidr\u00e1ulica antivand\u00e1lica puede elevarse a 7 metros de altura. En su interior posee una pantalla y un dispositivo para manejar dos c\u00e1maras domos de 360\u00b0 con zoom de 150 mts. aproximados, reflectores externos y sirena policial. Adem\u00e1s cuenta con respaldo de energ\u00eda en caso de cortes de energ\u00eda el\u00e9ctrica y es trasladable, especial para llevar a los espect\u00e1culos masivos.<\/p>\n\n\n\n<p>Fuente: Arrecifes Noticias<\/p>\n","protected":false},"excerpt":{"rendered":"<p>En el d\u00eda de ayer lleg\u00f3 a nuestra ciudad una torre de monitoreo m\u00f3vil gestionada por el intendente Javier Olaeta ante el Ministerio de Seguridad de la Provincia de Buenos Aires, a cargo de Cristian Ritondo. En este momento la misma se encuentra ubicada en el cruce de rutas 8 y 51, funcionando con un [&hellip;]<\/p>\n","protected":false},"author":4,"featured_media":61193,"comment_status":"open","ping_status":"closed","sticky":false,"template":"","format":"standard","meta":{"om_disable_all_campaigns":false,"_jetpack_memberships_contains_paid_content":false,"footnotes":""},"categories":[621],"tags":[],"class_list":["post-61191","post","type-post","status-publish","format-standard","has-post-thumbnail","hentry","category-regionales"],"aioseo_notices":[],"gutentor_comment":0,"jetpack_featured_media_url":"https:\/\/eldiariodesanpedro.com.ar\/sitio\/wp-content\/uploads\/2019\/10\/Torre-Monitoreo-Movil-698x510.jpg","jetpack_shortlink":"https:\/\/wp.me\/p6RhLt-fUX","jetpack_sharing_enabled":true,"_links":{"self":[{"href":"https:\/\/eldiariodesanpedro.com.ar\/sitio\/wp-json\/wp\/v2\/posts\/61191","targetHints":{"allow":["GET"]}}],"collection":[{"href":"https:\/\/eldiariodesanpedro.com.ar\/sitio\/wp-json\/wp\/v2\/posts"}],"about":[{"href":"https:\/\/eldiariodesanpedro.com.ar\/sitio\/wp-json\/wp\/v2\/types\/post"}],"author":[{"embeddable":true,"href":"https:\/\/eldiariodesanpedro.com.ar\/sitio\/wp-json\/wp\/v2\/users\/4"}],"replies":[{"embeddable":true,"href":"https:\/\/eldiariodesanpedro.com.ar\/sitio\/wp-json\/wp\/v2\/comments?post=61191"}],"version-history":[{"count":1,"href":"https:\/\/eldiariodesanpedro.com.ar\/sitio\/wp-json\/wp\/v2\/posts\/61191\/revisions"}],"predecessor-version":[{"id":61194,"href":"https:\/\/eldiariodesanpedro.com.ar\/sitio\/wp-json\/wp\/v2\/posts\/61191\/revisions\/61194"}],"wp:featuredmedia":[{"embeddable":true,"href":"https:\/\/eldiariodesanpedro.com.ar\/sitio\/wp-json\/wp\/v2\/media\/61193"}],"wp:attachment":[{"href":"https:\/\/eldiariodesanpedro.com.ar\/sitio\/wp-json\/wp\/v2\/media?parent=61191"}],"wp:term":[{"taxonomy":"category","embeddable":true,"href":"https:\/\/eldiariodesanpedro.com.ar\/sitio\/wp-json\/wp\/v2\/categories?post=61191"},{"taxonomy":"post_tag","embeddable":true,"href":"https:\/\/eldiariodesanpedro.com.ar\/sitio\/wp-json\/wp\/v2\/tags?post=61191"}],"curies":[{"name":"wp","href":"https:\/\/api.w.org\/{rel}","templated":true}]}}