{"id":61184,"date":"2019-10-03T10:03:27","date_gmt":"2019-10-03T13:03:27","guid":{"rendered":"https:\/\/eldiariodesanpedro.com.ar\/sitio\/?p=61184"},"modified":"2019-10-03T10:03:31","modified_gmt":"2019-10-03T13:03:31","slug":"arrecifes-el-frente-de-todos-trabaja-en-un-proyecto-de-hospital-veterinario","status":"publish","type":"post","link":"https:\/\/eldiariodesanpedro.com.ar\/sitio\/arrecifes-el-frente-de-todos-trabaja-en-un-proyecto-de-hospital-veterinario\/","title":{"rendered":"ARRECIFES | El Frente de Todos trabaja en un proyecto de Hospital Veterinario"},"content":{"rendered":"<!-- VideographyWP Plugin Message: Automatic video embedding prevented by plugin options. -->\n\n<p>El candidato a intendente del Frente de Todos, Patricio Di Palma, acompa\u00f1ado por el candidato a concejal Jorge Eterovich, viajaron este mi\u00e9rcoles al Municipio de Malvinas Argentinas para interiorizarse acerca del moderno e importante Hospital Veterinario que funciona en ese distrito del Gran Buenos Aires, uno de los principales proyectos a ejecutar en nuestra ciudad.<\/p>\n\n\n\n<p>Los arrecife\u00f1os fueron recibidos por el intendente malvinense, Leonardo Nardini, con quien abordaron numerosos y diversos aspectos de gesti\u00f3n municipal, haciendo especial hincapi\u00e9 en el Hospital Modelo que tambi\u00e9n posee ese municipio, con el servicio de cirug\u00eda rob\u00f3tica, entre otras prestaciones de alta tecnolog\u00eda.<\/p>\n\n\n\n<p>Luego Di Palma y Eterovich se dirigieron hacia el Hospital Veterinario ubicado en la localidad de Pablo Nogu\u00e9s, partido de Malvinas Argentinas. All\u00ed recibieron detalladas explicaciones de su funcionamiento de parte de la directora del establecimiento, Romina Martinelli.<\/p>\n\n\n\n<p>La m\u00e9dica veterinaria cont\u00f3 que se atienden casi 3000 mascotas por mes, tanto en consultas como controles, vacunaci\u00f3n, accidentes e intervenciones quir\u00fargicas, y que recurren a \u00e9l pacientes de distritos vecinos.<\/p>\n\n\n\n<p>\u201cContamos con un registro de un 70 por ciento de pacientes que nunca antes hab\u00edan recibido atenci\u00f3n veterinaria y con esta iniciativa \u00fanica en Malvinas Argentinas estamos generando conciencia de lo crucial que es que nuestros animales reciban atenci\u00f3n en salud\u201d, relat\u00f3 la Dra. Martinelli.<\/p>\n\n\n\n<p>Con los datos obtenidos en Malvinas Argentinas, profesionales del equipo t\u00e9cnico de Patricio Di Palma comenzar\u00e1n ya mismo a trabajar para evaluar la instalaci\u00f3n de un Hospital Veterinario en Arrecifes.<\/p>\n\n\n\n<p><\/p>\n","protected":false},"excerpt":{"rendered":"<p>El candidato a intendente del Frente de Todos, Patricio Di Palma, acompa\u00f1ado por el candidato a concejal Jorge Eterovich, viajaron este mi\u00e9rcoles al Municipio de Malvinas Argentinas para interiorizarse acerca del moderno e importante Hospital Veterinario que funciona en ese distrito del Gran Buenos Aires, uno de los principales proyectos a ejecutar en nuestra ciudad. [&hellip;]<\/p>\n","protected":false},"author":4,"featured_media":61188,"comment_status":"open","ping_status":"closed","sticky":false,"template":"","format":"standard","meta":{"om_disable_all_campaigns":false,"_jetpack_memberships_contains_paid_content":false,"footnotes":""},"categories":[621],"tags":[],"class_list":["post-61184","post","type-post","status-publish","format-standard","has-post-thumbnail","hentry","category-regionales"],"aioseo_notices":[],"gutentor_comment":0,"jetpack_featured_media_url":"https:\/\/eldiariodesanpedro.com.ar\/sitio\/wp-content\/uploads\/2019\/10\/Hospital-Veterinario-715x510.jpg","jetpack_shortlink":"https:\/\/wp.me\/p6RhLt-fUQ","jetpack_sharing_enabled":true,"_links":{"self":[{"href":"https:\/\/eldiariodesanpedro.com.ar\/sitio\/wp-json\/wp\/v2\/posts\/61184","targetHints":{"allow":["GET"]}}],"collection":[{"href":"https:\/\/eldiariodesanpedro.com.ar\/sitio\/wp-json\/wp\/v2\/posts"}],"about":[{"href":"https:\/\/eldiariodesanpedro.com.ar\/sitio\/wp-json\/wp\/v2\/types\/post"}],"author":[{"embeddable":true,"href":"https:\/\/eldiariodesanpedro.com.ar\/sitio\/wp-json\/wp\/v2\/users\/4"}],"replies":[{"embeddable":true,"href":"https:\/\/eldiariodesanpedro.com.ar\/sitio\/wp-json\/wp\/v2\/comments?post=61184"}],"version-history":[{"count":1,"href":"https:\/\/eldiariodesanpedro.com.ar\/sitio\/wp-json\/wp\/v2\/posts\/61184\/revisions"}],"predecessor-version":[{"id":61189,"href":"https:\/\/eldiariodesanpedro.com.ar\/sitio\/wp-json\/wp\/v2\/posts\/61184\/revisions\/61189"}],"wp:featuredmedia":[{"embeddable":true,"href":"https:\/\/eldiariodesanpedro.com.ar\/sitio\/wp-json\/wp\/v2\/media\/61188"}],"wp:attachment":[{"href":"https:\/\/eldiariodesanpedro.com.ar\/sitio\/wp-json\/wp\/v2\/media?parent=61184"}],"wp:term":[{"taxonomy":"category","embeddable":true,"href":"https:\/\/eldiariodesanpedro.com.ar\/sitio\/wp-json\/wp\/v2\/categories?post=61184"},{"taxonomy":"post_tag","embeddable":true,"href":"https:\/\/eldiariodesanpedro.com.ar\/sitio\/wp-json\/wp\/v2\/tags?post=61184"}],"curies":[{"name":"wp","href":"https:\/\/api.w.org\/{rel}","templated":true}]}}