{"id":61181,"date":"2019-10-03T10:01:54","date_gmt":"2019-10-03T13:01:54","guid":{"rendered":"https:\/\/eldiariodesanpedro.com.ar\/sitio\/?p=61181"},"modified":"2019-10-03T10:01:59","modified_gmt":"2019-10-03T13:01:59","slug":"san-nicolas-se-recupera-el-adolescente-de-15-anos-baleado","status":"publish","type":"post","link":"https:\/\/eldiariodesanpedro.com.ar\/sitio\/san-nicolas-se-recupera-el-adolescente-de-15-anos-baleado\/","title":{"rendered":"SAN NICOL\u00c1S | Se recupera el adolescente de 15 a\u00f1os baleado"},"content":{"rendered":"<!-- VideographyWP Plugin Message: Automatic video embedding prevented by plugin options. -->\n\n<p>\n\nEnzo Valenzuela hab\u00eda ingresado al hospital gravemente herido luego de recibir un disparo en la espalda. Un amigo, un adolescente de 14 a\u00f1os, lo hab\u00eda acompa\u00f1ado hasta el Hospital de Zona Norte para que fuera atendido y se fue.<\/p>\n\n\n\n<p>Cristian Valenzuela, pap\u00e1 de Enzo, dialog\u00f3 con Radio Net 95.7 y manifest\u00f3 su preocupaci\u00f3n por la situaci\u00f3n y por la salud de su hijo. Por la tarde, envi\u00f3 a la redacci\u00f3n de EL INFORMANTE la imagen de Enzo recuper\u00e1ndose, ya en sala com\u00fan del hospital San Felipe, tras la exitosa intervenci\u00f3n quir\u00fargica.<\/p>\n\n\n\n<p>Con relaci\u00f3n a lo ocurrido, cont\u00f3 que su hijo al salir del quir\u00f3fano pudo decirle que el hecho hab\u00eda sido a la altura de barrio Don Miguel casi llegando a barrio Moreno. Seg\u00fan las conclusiones de Valenzuela, el conflicto habr\u00eda sido por problemas entre grupos de barrios de zona norte.<\/p>\n\n\n\n<p>Por otra parte, manifest\u00f3 que su hijo es un joven que estudia, que cree que no tiene problemas con nadie y que su fanatismo por las motos puede llevarlo a juntarse con algunas personas vinculadas a algunos conflictos.<\/p>\n\n\n\n<p>Enzo cursa el 3\u00b0 a\u00f1o del colegio Nacional, vive en barrio San Cayetano. Su padre cont\u00f3 que son una familia trabajadora y que no tienen disputas con ninguna otra familia o personas, ni antecedentes delictivos.<\/p>\n\n\n\n<p>Adem\u00e1s, record\u00f3 que su hijo hab\u00eda sido atacado el a\u00f1o pasado en un hecho de inseguridad muy confuso en el que result\u00f3 herido. Se trat\u00f3 de un robo ocurrido en la esquina de Mitre y Urquiza y que fue denunciado oportunamente. <\/p>\n\n\n\n<p>Fuente: Diario El Informante<\/p>\n","protected":false},"excerpt":{"rendered":"<p>Enzo Valenzuela hab\u00eda ingresado al hospital gravemente herido luego de recibir un disparo en la espalda. Un amigo, un adolescente de 14 a\u00f1os, lo hab\u00eda acompa\u00f1ado hasta el Hospital de Zona Norte para que fuera atendido y se fue. Cristian Valenzuela, pap\u00e1 de Enzo, dialog\u00f3 con Radio Net 95.7 y manifest\u00f3 su preocupaci\u00f3n por la [&hellip;]<\/p>\n","protected":false},"author":4,"featured_media":61182,"comment_status":"open","ping_status":"closed","sticky":false,"template":"","format":"standard","meta":{"om_disable_all_campaigns":false,"_jetpack_memberships_contains_paid_content":false,"footnotes":""},"categories":[621],"tags":[],"class_list":["post-61181","post","type-post","status-publish","format-standard","has-post-thumbnail","hentry","category-regionales"],"aioseo_notices":[],"gutentor_comment":0,"jetpack_featured_media_url":"https:\/\/eldiariodesanpedro.com.ar\/sitio\/wp-content\/uploads\/2019\/10\/no_tl39u1iiy40w7beEnzo.jpg","jetpack_shortlink":"https:\/\/wp.me\/p6RhLt-fUN","jetpack_sharing_enabled":true,"_links":{"self":[{"href":"https:\/\/eldiariodesanpedro.com.ar\/sitio\/wp-json\/wp\/v2\/posts\/61181","targetHints":{"allow":["GET"]}}],"collection":[{"href":"https:\/\/eldiariodesanpedro.com.ar\/sitio\/wp-json\/wp\/v2\/posts"}],"about":[{"href":"https:\/\/eldiariodesanpedro.com.ar\/sitio\/wp-json\/wp\/v2\/types\/post"}],"author":[{"embeddable":true,"href":"https:\/\/eldiariodesanpedro.com.ar\/sitio\/wp-json\/wp\/v2\/users\/4"}],"replies":[{"embeddable":true,"href":"https:\/\/eldiariodesanpedro.com.ar\/sitio\/wp-json\/wp\/v2\/comments?post=61181"}],"version-history":[{"count":1,"href":"https:\/\/eldiariodesanpedro.com.ar\/sitio\/wp-json\/wp\/v2\/posts\/61181\/revisions"}],"predecessor-version":[{"id":61183,"href":"https:\/\/eldiariodesanpedro.com.ar\/sitio\/wp-json\/wp\/v2\/posts\/61181\/revisions\/61183"}],"wp:featuredmedia":[{"embeddable":true,"href":"https:\/\/eldiariodesanpedro.com.ar\/sitio\/wp-json\/wp\/v2\/media\/61182"}],"wp:attachment":[{"href":"https:\/\/eldiariodesanpedro.com.ar\/sitio\/wp-json\/wp\/v2\/media?parent=61181"}],"wp:term":[{"taxonomy":"category","embeddable":true,"href":"https:\/\/eldiariodesanpedro.com.ar\/sitio\/wp-json\/wp\/v2\/categories?post=61181"},{"taxonomy":"post_tag","embeddable":true,"href":"https:\/\/eldiariodesanpedro.com.ar\/sitio\/wp-json\/wp\/v2\/tags?post=61181"}],"curies":[{"name":"wp","href":"https:\/\/api.w.org\/{rel}","templated":true}]}}