{"id":6118,"date":"2016-07-18T18:55:41","date_gmt":"2016-07-18T21:55:41","guid":{"rendered":"https:\/\/eldiariodesanpedro.com.ar\/sitio\/?p=6118"},"modified":"2016-07-18T18:55:41","modified_gmt":"2016-07-18T21:55:41","slug":"salazar-presento-a-los-nuevos-inspectores-de-transito","status":"publish","type":"post","link":"https:\/\/eldiariodesanpedro.com.ar\/sitio\/salazar-presento-a-los-nuevos-inspectores-de-transito\/","title":{"rendered":"Salazar present\u00f3 a los nuevos inspectores de tr\u00e1nsito"},"content":{"rendered":"<p><!-- VideographyWP Plugin Message: Automatic video embedding prevented by plugin options. --><br \/>\nEl acto se llev\u00f3 a cabo en la ma\u00f1ana del lunes, en el despacho del intendente comunal. \u201cHan llegado por sus propios m\u00e9ritos, no son parientes de nadie. Yo antes de hacer la entrevista personalmente, no los conoc\u00eda\u201d, dijo Salazar en relaci\u00f3n a que fueron elegidos por concurso y asegur\u00f3 que la misi\u00f3n del nuevo personal, \u201cde aqu\u00ed en m\u00e1s, ser\u00e1 estar al servicio del Municipio y del contribuyente\u201d.<br \/>\n\u201cVan a seguir haciendo pr\u00e1cticas con algunos de los inspectores que ya est\u00e1n. La idea es que salgan a la calle ya preparados. Estos pr\u00f3ximos d\u00edas que vienen van a hacer reuniones, tanto con la gente de la Direcci\u00f3n de Personal como con la del Juzgado de Faltas y con su jefe directo, que va a ser \u00c1ngel Burgos\u201d, manifest\u00f3 el jefe comunal.<br \/>\nAdem\u00e1s agreg\u00f3: \u201cTodo el personal que ingrese va a ser con este m\u00e9todo, obviamente son los 20 que nos ha permitido el presupuesto actual\u201d.<br \/>\nEn cuanto a las cr\u00edticas por parte de la oposici\u00f3n de haber incorporados nuevos agentes municipales, el mandatario opin\u00f3: \u201cMe gustar\u00eda tener el acompa\u00f1amiento en algunas iniciativas de la oposici\u00f3n. Yo cuando inici\u00e9 las sesiones de este a\u00f1o, les ped\u00ed que nos pudieran acompa\u00f1ar, que no todo es la oposici\u00f3n por la oposici\u00f3n misma. Parece que no han escuchado, por lo menos algunos\u201d.<br \/>\n\u201cLes manifest\u00e9 que est\u00e1n haciendo historia porque es la primera vez que ingresa personal al municipio por concurso\u201d y que \u201cvoy a perdonar cualquier error menos un acto de corrupci\u00f3n\u201d, sentenci\u00f3 Salazar.<\/p>\n<p>Dos balanzas para el control de camiones<\/p>\n<p>En tanto, tambi\u00e9n Salazar se refiri\u00f3 a la iniciativa de la gesti\u00f3n de hacer cumpliar las normas sobre los controles a camiones areneros, pero tambi\u00e9n en cuanto al tr\u00e1nsito.<br \/>\nEn ese sentido, explic\u00f3 que est\u00e1 funcionando \u201cuna balanza fija y una m\u00f3vil. que nos va a permitir controlar a todo el mundo, porque hay una arenera que est\u00e1 afuera, m\u00e1s retirada y la idea es controlarlos a todos para que no haya reproches m\u00e1s all\u00e1 de que sabemos que esa arenera est\u00e1 cumpliendo con las normas\u201d. Y aclar\u00f3: \u201cLa idea es que todos cumplan la ley\u201d.<br \/>\nAsimismo, habl\u00f3 de la nota enviada por las areneras al Ejecutivo municipal la semana pasada: \u201cDa la impresi\u00f3n que quisieran seguir estando fuera de las reglas\u201d.<br \/>\nSalazar adem\u00e1s dijo que se comunicar\u00e1 con el intendente de San Nicol\u00e1s, Ismael Passaglia, \u201cpara decirle que haya una reuni\u00f3n del CONINDELTA a los efectos de plantear esta cuesti\u00f3n en forma general\u201d. Sin embargo, a\u00f1adi\u00f3 que no es posible \u201cobligar al intendente de San Nicol\u00e1s, de Ramallo, Baradero hasta San Fernando, que hagan controles, pero cada intendente sabe lo que tiene que hacer\u201d.<br \/>\n\u201cTenemos que volver a ser una ciudad normal\u201d, consider\u00f3. \u201cUno va a otras ciudades y todo el mundo anda con el casco para la moto, respetando las leyes de tr\u00e1nsito y por qu\u00e9 en San Pedro no podemos tener eso\u201d, cuestion\u00f3 el mandatario.<\/p>\n","protected":false},"excerpt":{"rendered":"<p>El acto se llev\u00f3 a cabo en la ma\u00f1ana del lunes, en el despacho del intendente comunal. \u201cHan llegado por sus propios m\u00e9ritos, no son parientes de nadie. Yo antes de hacer la entrevista personalmente, no los conoc\u00eda\u201d, dijo Salazar en relaci\u00f3n a que fueron elegidos por concurso y asegur\u00f3 que la misi\u00f3n del nuevo [&hellip;]<\/p>\n","protected":false},"author":4,"featured_media":6119,"comment_status":"open","ping_status":"closed","sticky":false,"template":"","format":"standard","meta":{"om_disable_all_campaigns":false,"_jetpack_memberships_contains_paid_content":false,"footnotes":""},"categories":[50,2,102],"tags":[],"class_list":["post-6118","post","type-post","status-publish","format-standard","has-post-thumbnail","hentry","category-destacadas","category-locales","category-politica-locales"],"aioseo_notices":[],"gutentor_comment":0,"jetpack_featured_media_url":"https:\/\/eldiariodesanpedro.com.ar\/sitio\/wp-content\/uploads\/2016\/07\/PAGINA-3-01.jpg","jetpack_shortlink":"https:\/\/wp.me\/p6RhLt-1AG","jetpack_sharing_enabled":true,"_links":{"self":[{"href":"https:\/\/eldiariodesanpedro.com.ar\/sitio\/wp-json\/wp\/v2\/posts\/6118","targetHints":{"allow":["GET"]}}],"collection":[{"href":"https:\/\/eldiariodesanpedro.com.ar\/sitio\/wp-json\/wp\/v2\/posts"}],"about":[{"href":"https:\/\/eldiariodesanpedro.com.ar\/sitio\/wp-json\/wp\/v2\/types\/post"}],"author":[{"embeddable":true,"href":"https:\/\/eldiariodesanpedro.com.ar\/sitio\/wp-json\/wp\/v2\/users\/4"}],"replies":[{"embeddable":true,"href":"https:\/\/eldiariodesanpedro.com.ar\/sitio\/wp-json\/wp\/v2\/comments?post=6118"}],"version-history":[{"count":1,"href":"https:\/\/eldiariodesanpedro.com.ar\/sitio\/wp-json\/wp\/v2\/posts\/6118\/revisions"}],"predecessor-version":[{"id":6120,"href":"https:\/\/eldiariodesanpedro.com.ar\/sitio\/wp-json\/wp\/v2\/posts\/6118\/revisions\/6120"}],"wp:featuredmedia":[{"embeddable":true,"href":"https:\/\/eldiariodesanpedro.com.ar\/sitio\/wp-json\/wp\/v2\/media\/6119"}],"wp:attachment":[{"href":"https:\/\/eldiariodesanpedro.com.ar\/sitio\/wp-json\/wp\/v2\/media?parent=6118"}],"wp:term":[{"taxonomy":"category","embeddable":true,"href":"https:\/\/eldiariodesanpedro.com.ar\/sitio\/wp-json\/wp\/v2\/categories?post=6118"},{"taxonomy":"post_tag","embeddable":true,"href":"https:\/\/eldiariodesanpedro.com.ar\/sitio\/wp-json\/wp\/v2\/tags?post=6118"}],"curies":[{"name":"wp","href":"https:\/\/api.w.org\/{rel}","templated":true}]}}