{"id":61177,"date":"2019-10-03T10:00:40","date_gmt":"2019-10-03T13:00:40","guid":{"rendered":"https:\/\/eldiariodesanpedro.com.ar\/sitio\/?p=61177"},"modified":"2019-10-03T10:00:45","modified_gmt":"2019-10-03T13:00:45","slug":"campana-repercusiones-por-el-avistamiento-de-un-ovni","status":"publish","type":"post","link":"https:\/\/eldiariodesanpedro.com.ar\/sitio\/campana-repercusiones-por-el-avistamiento-de-un-ovni\/","title":{"rendered":"CAMPANA | Repercusiones por el avistamiento de un OVNI"},"content":{"rendered":"<!-- VideographyWP Plugin Message: Automatic video embedding prevented by plugin options. -->\n\n<p>\n\nM\u00e1s de un testigo alert\u00f3 el avistaje de un Objeto Volador No Identificado en la costanera de la ciudad vecina en los \u00faltimos d\u00edas, precisamente el jueves 26 de septiembre en diferentes horarios.<\/p>\n\n\n\n<p>El vecino Mariano del Teso, de formaci\u00f3n art\u00edstica, public\u00f3 en su Facebook el vivo testimonio de su observaci\u00f3n y las fotos que comprueban el hecho. \u201cHoy aproximadamente cerca de las 11.30 pude fotografiar este objeto, estaba est\u00e1tico, de color blanco, alargado en forma de cigarro, se encontraba muy alto y en una zona donde habitualmente no pasan los aviones, me par\u00e9 y tom\u00e9 la foto, no se mov\u00eda, segu\u00ed mi camino, los \u00e1rboles me taparon la imagen y luego no lo pude volver a localizar. Esto lo vi en la planta de Siderca en Campana, Pcia. de Buenos Aires\u201d, expres\u00f3.<\/p>\n\n\n\n<p>Por otra parte un vecino de Santa Brigida, tambi\u00e9n de formaci\u00f3n art\u00edstica, que se encontraba en la costanera de Campana pero a las 17 pas\u00f3 por la misma experiencia de contemplaci\u00f3n.<\/p>\n\n\n\n<p>\u00abAlrededor de las 17 caminaba por la costanera y lo vi, cruz\u00f3 el r\u00edo, pens\u00e9 que era un dron porque iba bajo para ser un avi\u00f3n, parec\u00eda un jet,&nbsp;cruz\u00f3 el r\u00edo desde la isla pas\u00f3 por sobre el puerto en direcci\u00f3n a Otamendi y lo perd\u00ed detr\u00e1s de un sauce\u201d (\u2026) \u201cen el momento no le d\u00ed demasiada importancia pero s\u00ed me llam\u00f3 la atenci\u00f3n,&nbsp;era como un juguete, iba en l\u00ednea recta y sali\u00f3 de atr\u00e1s de los \u00e1rboles de la isla y cruz\u00f3 el r\u00edo en 2 segundos, rar\u00edsimo\u201d, expres\u00f3 el segundo testigo.<\/p>\n\n\n\n<p>No faltaron las especulaciones conspirativas en las redes sociales y en la charlas de caf\u00e9. \u201cNo creo en los extraterrestres, pero s\u00ed que est\u00e9n observando la planta de Axion\u201d, dijo otro residente.<\/p>\n\n\n\n<p>Fuente: Campana Argentina<\/p>\n","protected":false},"excerpt":{"rendered":"<p>M\u00e1s de un testigo alert\u00f3 el avistaje de un Objeto Volador No Identificado en la costanera de la ciudad vecina en los \u00faltimos d\u00edas, precisamente el jueves 26 de septiembre en diferentes horarios. El vecino Mariano del Teso, de formaci\u00f3n art\u00edstica, public\u00f3 en su Facebook el vivo testimonio de su observaci\u00f3n y las fotos que [&hellip;]<\/p>\n","protected":false},"author":4,"featured_media":61179,"comment_status":"open","ping_status":"closed","sticky":false,"template":"","format":"standard","meta":{"om_disable_all_campaigns":false,"_jetpack_memberships_contains_paid_content":false,"footnotes":""},"categories":[621],"tags":[],"class_list":["post-61177","post","type-post","status-publish","format-standard","has-post-thumbnail","hentry","category-regionales"],"aioseo_notices":[],"gutentor_comment":0,"jetpack_featured_media_url":"https:\/\/eldiariodesanpedro.com.ar\/sitio\/wp-content\/uploads\/2019\/10\/ovni_1.jpg","jetpack_shortlink":"https:\/\/wp.me\/p6RhLt-fUJ","jetpack_sharing_enabled":true,"_links":{"self":[{"href":"https:\/\/eldiariodesanpedro.com.ar\/sitio\/wp-json\/wp\/v2\/posts\/61177","targetHints":{"allow":["GET"]}}],"collection":[{"href":"https:\/\/eldiariodesanpedro.com.ar\/sitio\/wp-json\/wp\/v2\/posts"}],"about":[{"href":"https:\/\/eldiariodesanpedro.com.ar\/sitio\/wp-json\/wp\/v2\/types\/post"}],"author":[{"embeddable":true,"href":"https:\/\/eldiariodesanpedro.com.ar\/sitio\/wp-json\/wp\/v2\/users\/4"}],"replies":[{"embeddable":true,"href":"https:\/\/eldiariodesanpedro.com.ar\/sitio\/wp-json\/wp\/v2\/comments?post=61177"}],"version-history":[{"count":1,"href":"https:\/\/eldiariodesanpedro.com.ar\/sitio\/wp-json\/wp\/v2\/posts\/61177\/revisions"}],"predecessor-version":[{"id":61180,"href":"https:\/\/eldiariodesanpedro.com.ar\/sitio\/wp-json\/wp\/v2\/posts\/61177\/revisions\/61180"}],"wp:featuredmedia":[{"embeddable":true,"href":"https:\/\/eldiariodesanpedro.com.ar\/sitio\/wp-json\/wp\/v2\/media\/61179"}],"wp:attachment":[{"href":"https:\/\/eldiariodesanpedro.com.ar\/sitio\/wp-json\/wp\/v2\/media?parent=61177"}],"wp:term":[{"taxonomy":"category","embeddable":true,"href":"https:\/\/eldiariodesanpedro.com.ar\/sitio\/wp-json\/wp\/v2\/categories?post=61177"},{"taxonomy":"post_tag","embeddable":true,"href":"https:\/\/eldiariodesanpedro.com.ar\/sitio\/wp-json\/wp\/v2\/tags?post=61177"}],"curies":[{"name":"wp","href":"https:\/\/api.w.org\/{rel}","templated":true}]}}