{"id":61174,"date":"2019-10-03T09:59:10","date_gmt":"2019-10-03T12:59:10","guid":{"rendered":"https:\/\/eldiariodesanpedro.com.ar\/sitio\/?p=61174"},"modified":"2019-10-03T09:59:14","modified_gmt":"2019-10-03T12:59:14","slug":"campana-aprehendieron-a-un-sujeto-por-robo-calificado-y-tenencia-ilegal-de-armas","status":"publish","type":"post","link":"https:\/\/eldiariodesanpedro.com.ar\/sitio\/campana-aprehendieron-a-un-sujeto-por-robo-calificado-y-tenencia-ilegal-de-armas\/","title":{"rendered":"CAMPANA | Aprehendieron a un sujeto por robo calificado y tenencia ilegal de armas"},"content":{"rendered":"<!-- VideographyWP Plugin Message: Automatic video embedding prevented by plugin options. -->\n\n<p>\n\nEn un hecho policial sucedido el d\u00eda lunes en cercan\u00eda de la calle calle Echeverria al 1.100, intervino personal del Comando de Patrulla de zona N\u00b0 6 y N\u00b07 de Campana.<\/p>\n\n\n\n<p>Los uniformados aprehendieron a un hombre, el cual momentos antes hab\u00eda estado amenazando con un arma de fuego dentro de una vivienda&nbsp; a la due\u00f1a de casa,&nbsp; sustray\u00e9ndole dinero en efectivo y algunas cadenitas. En ese momento es que decide interceder el hijo de la mujer&nbsp; y&nbsp; comienza a forcejear con el delincuente dando tiempo a la llegada de la polic\u00eda.<\/p>\n\n\n\n<p>El sospechoso fue aprehendido en el momento de la llegada del personal policial donde se incaut\u00f3 las pertenencias que llevaba consigo entre sus ropas: dinero en efectivo, tres cadenitas plateadas, un anillo dorado y se incauta adem\u00e1s una pistola marca&nbsp;Browning 9mm con cargador completo, con 13 cartuchos y la numeraci\u00f3n limada.<\/p>\n\n\n\n<p>Intervino la Fiscal\u00eda de Campana Dra Garc\u00eda quien toma conocimiento . Se encuentran investigando la Comisaria de Campana 1era la participaci\u00f3n en otros hechos de la zona .<\/p>\n\n\n\n<p>Entre las averiguaciones se detecta que el aprehendido tiene antecedentes penales, con la misma modalidad, habiendo estado detenido en la Unidad Penal de Mercedes.<\/p>\n\n\n\n<p>Fuente: Campana noticias<\/p>\n","protected":false},"excerpt":{"rendered":"<p>En un hecho policial sucedido el d\u00eda lunes en cercan\u00eda de la calle calle Echeverria al 1.100, intervino personal del Comando de Patrulla de zona N\u00b0 6 y N\u00b07 de Campana. Los uniformados aprehendieron a un hombre, el cual momentos antes hab\u00eda estado amenazando con un arma de fuego dentro de una vivienda&nbsp; a la [&hellip;]<\/p>\n","protected":false},"author":4,"featured_media":61175,"comment_status":"open","ping_status":"closed","sticky":false,"template":"","format":"standard","meta":{"om_disable_all_campaigns":false,"_jetpack_memberships_contains_paid_content":false,"footnotes":""},"categories":[621],"tags":[],"class_list":["post-61174","post","type-post","status-publish","format-standard","has-post-thumbnail","hentry","category-regionales"],"aioseo_notices":[],"gutentor_comment":0,"jetpack_featured_media_url":"https:\/\/eldiariodesanpedro.com.ar\/sitio\/wp-content\/uploads\/2019\/10\/aprendido_1.jpeg","jetpack_shortlink":"https:\/\/wp.me\/p6RhLt-fUG","jetpack_sharing_enabled":true,"_links":{"self":[{"href":"https:\/\/eldiariodesanpedro.com.ar\/sitio\/wp-json\/wp\/v2\/posts\/61174","targetHints":{"allow":["GET"]}}],"collection":[{"href":"https:\/\/eldiariodesanpedro.com.ar\/sitio\/wp-json\/wp\/v2\/posts"}],"about":[{"href":"https:\/\/eldiariodesanpedro.com.ar\/sitio\/wp-json\/wp\/v2\/types\/post"}],"author":[{"embeddable":true,"href":"https:\/\/eldiariodesanpedro.com.ar\/sitio\/wp-json\/wp\/v2\/users\/4"}],"replies":[{"embeddable":true,"href":"https:\/\/eldiariodesanpedro.com.ar\/sitio\/wp-json\/wp\/v2\/comments?post=61174"}],"version-history":[{"count":1,"href":"https:\/\/eldiariodesanpedro.com.ar\/sitio\/wp-json\/wp\/v2\/posts\/61174\/revisions"}],"predecessor-version":[{"id":61176,"href":"https:\/\/eldiariodesanpedro.com.ar\/sitio\/wp-json\/wp\/v2\/posts\/61174\/revisions\/61176"}],"wp:featuredmedia":[{"embeddable":true,"href":"https:\/\/eldiariodesanpedro.com.ar\/sitio\/wp-json\/wp\/v2\/media\/61175"}],"wp:attachment":[{"href":"https:\/\/eldiariodesanpedro.com.ar\/sitio\/wp-json\/wp\/v2\/media?parent=61174"}],"wp:term":[{"taxonomy":"category","embeddable":true,"href":"https:\/\/eldiariodesanpedro.com.ar\/sitio\/wp-json\/wp\/v2\/categories?post=61174"},{"taxonomy":"post_tag","embeddable":true,"href":"https:\/\/eldiariodesanpedro.com.ar\/sitio\/wp-json\/wp\/v2\/tags?post=61174"}],"curies":[{"name":"wp","href":"https:\/\/api.w.org\/{rel}","templated":true}]}}