{"id":61168,"date":"2019-10-03T09:21:01","date_gmt":"2019-10-03T12:21:01","guid":{"rendered":"https:\/\/eldiariodesanpedro.com.ar\/sitio\/?p=61168"},"modified":"2019-10-03T09:21:06","modified_gmt":"2019-10-03T12:21:06","slug":"baradero-incendio-de-un-auto-en-un-camino-rural","status":"publish","type":"post","link":"https:\/\/eldiariodesanpedro.com.ar\/sitio\/baradero-incendio-de-un-auto-en-un-camino-rural\/","title":{"rendered":"BARADERO: Incendio de un auto en un camino rural"},"content":{"rendered":"<!-- VideographyWP Plugin Message: Automatic video embedding prevented by plugin options. -->\n\n<p>A las 20 Y 15 horas de este mi\u00e9rcoles, una dotaci\u00f3n de  Bomberos Voluntarios Baradero es alertado por un incendio de un veh\u00edculo camino a \u00abLa Tortuga\u00bb- zona rural.<\/p>\n\n\n\n<p>Por causas que se tratan de establecer, el siniestro causo la perdida total del veh\u00edculo.<\/p>\n\n\n\n<p>Trabaj\u00f3 en el lugar m\u00f3vil 5\/45.<\/p>\n\n\n\n<p>Fotos e Informe: Bomberos Voluntarios BARADERO<\/p>\n\n\n\n<ul class=\"wp-block-gallery columns-3 is-cropped wp-block-gallery-1 is-layout-flex wp-block-gallery-is-layout-flex\"><li class=\"blocks-gallery-item\"><figure><img decoding=\"async\" width=\"466\" height=\"960\" data-attachment-id=\"61169\" data-permalink=\"https:\/\/eldiariodesanpedro.com.ar\/sitio\/baradero-incendio-de-un-auto-en-un-camino-rural\/71174519_2584718441755672_5160111792612966400_n\/\" data-orig-file=\"https:\/\/eldiariodesanpedro.com.ar\/sitio\/wp-content\/uploads\/2019\/10\/71174519_2584718441755672_5160111792612966400_n.jpg\" data-orig-size=\"466,960\" data-comments-opened=\"1\" data-image-meta=\"{&quot;aperture&quot;:&quot;0&quot;,&quot;credit&quot;:&quot;&quot;,&quot;camera&quot;:&quot;&quot;,&quot;caption&quot;:&quot;&quot;,&quot;created_timestamp&quot;:&quot;0&quot;,&quot;copyright&quot;:&quot;&quot;,&quot;focal_length&quot;:&quot;0&quot;,&quot;iso&quot;:&quot;0&quot;,&quot;shutter_speed&quot;:&quot;0&quot;,&quot;title&quot;:&quot;&quot;,&quot;orientation&quot;:&quot;0&quot;}\" data-image-title=\"71174519_2584718441755672_5160111792612966400_n\" data-image-description=\"\" data-image-caption=\"\" data-large-file=\"https:\/\/eldiariodesanpedro.com.ar\/sitio\/wp-content\/uploads\/2019\/10\/71174519_2584718441755672_5160111792612966400_n.jpg\" data-src=\"https:\/\/eldiariodesanpedro.com.ar\/sitio\/wp-content\/uploads\/2019\/10\/71174519_2584718441755672_5160111792612966400_n.jpg\" alt=\"\" data-id=\"61169\" data-link=\"https:\/\/eldiariodesanpedro.com.ar\/sitio\/?attachment_id=61169\" class=\"wp-image-61169 lazyload\" data-srcset=\"https:\/\/eldiariodesanpedro.com.ar\/sitio\/wp-content\/uploads\/2019\/10\/71174519_2584718441755672_5160111792612966400_n.jpg 466w, https:\/\/eldiariodesanpedro.com.ar\/sitio\/wp-content\/uploads\/2019\/10\/71174519_2584718441755672_5160111792612966400_n-146x300.jpg 146w\" data-sizes=\"(max-width: 466px) 100vw, 466px\" src=\"data:image\/svg+xml;base64,PHN2ZyB3aWR0aD0iMSIgaGVpZ2h0PSIxIiB4bWxucz0iaHR0cDovL3d3dy53My5vcmcvMjAwMC9zdmciPjwvc3ZnPg==\" style=\"--smush-placeholder-width: 466px; --smush-placeholder-aspect-ratio: 466\/960;\" \/><\/figure><\/li><li class=\"blocks-gallery-item\"><figure><img decoding=\"async\" width=\"466\" height=\"960\" data-attachment-id=\"61170\" data-permalink=\"https:\/\/eldiariodesanpedro.com.ar\/sitio\/baradero-incendio-de-un-auto-en-un-camino-rural\/71510011_2584718245089025_5670690838972203008_n\/\" data-orig-file=\"https:\/\/eldiariodesanpedro.com.ar\/sitio\/wp-content\/uploads\/2019\/10\/71510011_2584718245089025_5670690838972203008_n.jpg\" data-orig-size=\"466,960\" data-comments-opened=\"1\" data-image-meta=\"{&quot;aperture&quot;:&quot;0&quot;,&quot;credit&quot;:&quot;&quot;,&quot;camera&quot;:&quot;&quot;,&quot;caption&quot;:&quot;&quot;,&quot;created_timestamp&quot;:&quot;0&quot;,&quot;copyright&quot;:&quot;&quot;,&quot;focal_length&quot;:&quot;0&quot;,&quot;iso&quot;:&quot;0&quot;,&quot;shutter_speed&quot;:&quot;0&quot;,&quot;title&quot;:&quot;&quot;,&quot;orientation&quot;:&quot;0&quot;}\" data-image-title=\"71510011_2584718245089025_5670690838972203008_n\" data-image-description=\"\" data-image-caption=\"\" data-large-file=\"https:\/\/eldiariodesanpedro.com.ar\/sitio\/wp-content\/uploads\/2019\/10\/71510011_2584718245089025_5670690838972203008_n.jpg\" data-src=\"https:\/\/eldiariodesanpedro.com.ar\/sitio\/wp-content\/uploads\/2019\/10\/71510011_2584718245089025_5670690838972203008_n.jpg\" alt=\"\" data-id=\"61170\" data-link=\"https:\/\/eldiariodesanpedro.com.ar\/sitio\/?attachment_id=61170\" class=\"wp-image-61170 lazyload\" data-srcset=\"https:\/\/eldiariodesanpedro.com.ar\/sitio\/wp-content\/uploads\/2019\/10\/71510011_2584718245089025_5670690838972203008_n.jpg 466w, https:\/\/eldiariodesanpedro.com.ar\/sitio\/wp-content\/uploads\/2019\/10\/71510011_2584718245089025_5670690838972203008_n-146x300.jpg 146w\" data-sizes=\"(max-width: 466px) 100vw, 466px\" src=\"data:image\/svg+xml;base64,PHN2ZyB3aWR0aD0iMSIgaGVpZ2h0PSIxIiB4bWxucz0iaHR0cDovL3d3dy53My5vcmcvMjAwMC9zdmciPjwvc3ZnPg==\" style=\"--smush-placeholder-width: 466px; --smush-placeholder-aspect-ratio: 466\/960;\" \/><\/figure><\/li><li class=\"blocks-gallery-item\"><figure><img decoding=\"async\" width=\"960\" height=\"466\" data-attachment-id=\"61171\" data-permalink=\"https:\/\/eldiariodesanpedro.com.ar\/sitio\/baradero-incendio-de-un-auto-en-un-camino-rural\/72319957_2584718208422362_6723586635474141184_n\/\" data-orig-file=\"https:\/\/eldiariodesanpedro.com.ar\/sitio\/wp-content\/uploads\/2019\/10\/72319957_2584718208422362_6723586635474141184_n.jpg\" data-orig-size=\"960,466\" data-comments-opened=\"1\" data-image-meta=\"{&quot;aperture&quot;:&quot;0&quot;,&quot;credit&quot;:&quot;&quot;,&quot;camera&quot;:&quot;&quot;,&quot;caption&quot;:&quot;&quot;,&quot;created_timestamp&quot;:&quot;0&quot;,&quot;copyright&quot;:&quot;&quot;,&quot;focal_length&quot;:&quot;0&quot;,&quot;iso&quot;:&quot;0&quot;,&quot;shutter_speed&quot;:&quot;0&quot;,&quot;title&quot;:&quot;&quot;,&quot;orientation&quot;:&quot;0&quot;}\" data-image-title=\"72319957_2584718208422362_6723586635474141184_n\" data-image-description=\"\" data-image-caption=\"\" data-large-file=\"https:\/\/eldiariodesanpedro.com.ar\/sitio\/wp-content\/uploads\/2019\/10\/72319957_2584718208422362_6723586635474141184_n.jpg\" data-src=\"https:\/\/eldiariodesanpedro.com.ar\/sitio\/wp-content\/uploads\/2019\/10\/72319957_2584718208422362_6723586635474141184_n.jpg\" alt=\"\" data-id=\"61171\" data-link=\"https:\/\/eldiariodesanpedro.com.ar\/sitio\/?attachment_id=61171\" class=\"wp-image-61171 lazyload\" data-srcset=\"https:\/\/eldiariodesanpedro.com.ar\/sitio\/wp-content\/uploads\/2019\/10\/72319957_2584718208422362_6723586635474141184_n.jpg 960w, https:\/\/eldiariodesanpedro.com.ar\/sitio\/wp-content\/uploads\/2019\/10\/72319957_2584718208422362_6723586635474141184_n-300x146.jpg 300w, https:\/\/eldiariodesanpedro.com.ar\/sitio\/wp-content\/uploads\/2019\/10\/72319957_2584718208422362_6723586635474141184_n-768x373.jpg 768w\" data-sizes=\"(max-width: 960px) 100vw, 960px\" src=\"data:image\/svg+xml;base64,PHN2ZyB3aWR0aD0iMSIgaGVpZ2h0PSIxIiB4bWxucz0iaHR0cDovL3d3dy53My5vcmcvMjAwMC9zdmciPjwvc3ZnPg==\" style=\"--smush-placeholder-width: 960px; --smush-placeholder-aspect-ratio: 960\/466;\" \/><\/figure><\/li><\/ul>\n","protected":false},"excerpt":{"rendered":"<p>A las 20 Y 15 horas de este mi\u00e9rcoles, una dotaci\u00f3n de Bomberos Voluntarios Baradero es alertado por un incendio de un veh\u00edculo camino a \u00abLa Tortuga\u00bb- zona rural. Por causas que se tratan de establecer, el siniestro causo la perdida total del veh\u00edculo. Trabaj\u00f3 en el lugar m\u00f3vil 5\/45. Fotos e Informe: Bomberos Voluntarios [&hellip;]<\/p>\n","protected":false},"author":4,"featured_media":61171,"comment_status":"open","ping_status":"closed","sticky":false,"template":"","format":"standard","meta":{"om_disable_all_campaigns":false,"_jetpack_memberships_contains_paid_content":false,"footnotes":""},"categories":[621],"tags":[],"class_list":["post-61168","post","type-post","status-publish","format-standard","has-post-thumbnail","hentry","category-regionales"],"aioseo_notices":[],"gutentor_comment":0,"jetpack_featured_media_url":"https:\/\/eldiariodesanpedro.com.ar\/sitio\/wp-content\/uploads\/2019\/10\/72319957_2584718208422362_6723586635474141184_n.jpg","jetpack_shortlink":"https:\/\/wp.me\/p6RhLt-fUA","jetpack_sharing_enabled":true,"_links":{"self":[{"href":"https:\/\/eldiariodesanpedro.com.ar\/sitio\/wp-json\/wp\/v2\/posts\/61168","targetHints":{"allow":["GET"]}}],"collection":[{"href":"https:\/\/eldiariodesanpedro.com.ar\/sitio\/wp-json\/wp\/v2\/posts"}],"about":[{"href":"https:\/\/eldiariodesanpedro.com.ar\/sitio\/wp-json\/wp\/v2\/types\/post"}],"author":[{"embeddable":true,"href":"https:\/\/eldiariodesanpedro.com.ar\/sitio\/wp-json\/wp\/v2\/users\/4"}],"replies":[{"embeddable":true,"href":"https:\/\/eldiariodesanpedro.com.ar\/sitio\/wp-json\/wp\/v2\/comments?post=61168"}],"version-history":[{"count":1,"href":"https:\/\/eldiariodesanpedro.com.ar\/sitio\/wp-json\/wp\/v2\/posts\/61168\/revisions"}],"predecessor-version":[{"id":61172,"href":"https:\/\/eldiariodesanpedro.com.ar\/sitio\/wp-json\/wp\/v2\/posts\/61168\/revisions\/61172"}],"wp:featuredmedia":[{"embeddable":true,"href":"https:\/\/eldiariodesanpedro.com.ar\/sitio\/wp-json\/wp\/v2\/media\/61171"}],"wp:attachment":[{"href":"https:\/\/eldiariodesanpedro.com.ar\/sitio\/wp-json\/wp\/v2\/media?parent=61168"}],"wp:term":[{"taxonomy":"category","embeddable":true,"href":"https:\/\/eldiariodesanpedro.com.ar\/sitio\/wp-json\/wp\/v2\/categories?post=61168"},{"taxonomy":"post_tag","embeddable":true,"href":"https:\/\/eldiariodesanpedro.com.ar\/sitio\/wp-json\/wp\/v2\/tags?post=61168"}],"curies":[{"name":"wp","href":"https:\/\/api.w.org\/{rel}","templated":true}]}}